{"id":65641,"date":"2023-10-02T10:27:48","date_gmt":"2023-10-02T13:27:48","guid":{"rendered":"https:\/\/www.todoeldia.com\/?p=65641"},"modified":"2023-10-02T10:27:52","modified_gmt":"2023-10-02T13:27:52","slug":"le-reviso-el-celular-a-su-pareja-y-la-golpeo","status":"publish","type":"post","link":"https:\/\/www.todoeldia.com\/index.php\/2023\/10\/02\/le-reviso-el-celular-a-su-pareja-y-la-golpeo\/","title":{"rendered":"Le revis\u00f3 el celular a su pareja y la golpe\u00f3"},"content":{"rendered":"\n<p>Un hombre se torn\u00f3 violento con su pareja luego de tomar su tel\u00e9fono y revisarlo. La golpe\u00f3 con los pu\u00f1os y la intervenci\u00f3n de su hermana impidi\u00f3 que continuara con las agresiones.<\/p>\n\n\n\n<p>La fiscal penal 1 de Violencia Familiar y de G\u00e9nero, Ver\u00f3nica Simesen de Bielke, represent\u00f3 al Ministerio P\u00fablico Fiscal ante la Sala VII del Tribunal de Juicio de ese distrito, en la audiencia de debate contra un hombre de 23 a\u00f1os como autor del delito de lesiones leves agravadas por la relaci\u00f3n de pareja y el g\u00e9nero y privaci\u00f3n ileg\u00edtima de la libertad agravada en concurso real.<\/p>\n\n\n\n<p>El hecho juzgado ocurri\u00f3 el pasado mes de febrero en un barrio de la ciudad de Salta, donde el acusado, quien se encontraba en estado de ebriedad, tom\u00f3 el celular de su pareja, lo revis\u00f3 y comenz\u00f3 a golpearla con los pu\u00f1os. Su hermana intervino y llam\u00f3 a la Polic\u00eda para impedir que continuara con las agresiones.<\/p>\n\n\n\n<p>El juez Leonardo Feans en el veredicto, conden\u00f3 al acusado a la pena de 8 meses de prisi\u00f3n de ejecuci\u00f3n condicional y al cumplimiento de reglas de conducta.<\/p>\n","protected":false},"excerpt":{"rendered":"<p>Un hombre se torn\u00f3 violento con su pareja luego de tomar su tel\u00e9fono y revisarlo. La golpe\u00f3 con los pu\u00f1os y la intervenci\u00f3n de su hermana impidi\u00f3 que continuara con las agresiones. La fiscal penal 1 de Violencia Familiar y de G\u00e9nero, Ver\u00f3nica Simesen de Bielke, represent\u00f3 al Ministerio P\u00fablico Fiscal ante la Sala VII [&hellip;]<\/p>\n","protected":false},"author":2,"featured_media":37749,"comment_status":"open","ping_status":"open","sticky":false,"template":"","format":"standard","meta":{"tdm_status":"","tdm_grid_status":"","_joinchat":[],"footnotes":""},"categories":[63],"tags":[],"class_list":{"0":"post-65641","1":"post","2":"type-post","3":"status-publish","4":"format-standard","5":"has-post-thumbnail","7":"category-policiales"},"amp_enabled":true,"_links":{"self":[{"href":"https:\/\/www.todoeldia.com\/index.php\/wp-json\/wp\/v2\/posts\/65641","targetHints":{"allow":["GET"]}}],"collection":[{"href":"https:\/\/www.todoeldia.com\/index.php\/wp-json\/wp\/v2\/posts"}],"about":[{"href":"https:\/\/www.todoeldia.com\/index.php\/wp-json\/wp\/v2\/types\/post"}],"author":[{"embeddable":true,"href":"https:\/\/www.todoeldia.com\/index.php\/wp-json\/wp\/v2\/users\/2"}],"replies":[{"embeddable":true,"href":"https:\/\/www.todoeldia.com\/index.php\/wp-json\/wp\/v2\/comments?post=65641"}],"version-history":[{"count":1,"href":"https:\/\/www.todoeldia.com\/index.php\/wp-json\/wp\/v2\/posts\/65641\/revisions"}],"predecessor-version":[{"id":65642,"href":"https:\/\/www.todoeldia.com\/index.php\/wp-json\/wp\/v2\/posts\/65641\/revisions\/65642"}],"wp:featuredmedia":[{"embeddable":true,"href":"https:\/\/www.todoeldia.com\/index.php\/wp-json\/wp\/v2\/media\/37749"}],"wp:attachment":[{"href":"https:\/\/www.todoeldia.com\/index.php\/wp-json\/wp\/v2\/media?parent=65641"}],"wp:term":[{"taxonomy":"category","embeddable":true,"href":"https:\/\/www.todoeldia.com\/index.php\/wp-json\/wp\/v2\/categories?post=65641"},{"taxonomy":"post_tag","embeddable":true,"href":"https:\/\/www.todoeldia.com\/index.php\/wp-json\/wp\/v2\/tags?post=65641"}],"curies":[{"name":"wp","href":"https:\/\/api.w.org\/{rel}","templated":true}]}}