{"id":65643,"date":"2023-10-02T10:31:35","date_gmt":"2023-10-02T13:31:35","guid":{"rendered":"https:\/\/www.todoeldia.com\/?p=65643"},"modified":"2023-10-02T10:31:38","modified_gmt":"2023-10-02T13:31:38","slug":"se-conocera-hoy-la-condena-para-el-asesino-de-milagros-melina-flores","status":"publish","type":"post","link":"https:\/\/www.todoeldia.com\/index.php\/2023\/10\/02\/se-conocera-hoy-la-condena-para-el-asesino-de-milagros-melina-flores\/","title":{"rendered":"Se conocer\u00e1 hoy la condena para el asesino de Milagros Melina Flores"},"content":{"rendered":"\n<p>Finalizada la ronda de testimoniales en el juicio que se sigue contra un hombre de 28 a\u00f1os como autor del homicidio triplemente calificado de quien fuera su pareja, se dispuso que el pr\u00f3ximo 2 de octubre se realice la jornada de alegatos.<\/p>\n\n\n\n<p>La fiscal penal de la Unidad de Femicidios, M\u00f3nica Poma, representa al Ministerio P\u00fablico Fiscal ante la Sala VII del Tribunal de Juicio del distrito Centro, en la audiencia de debate contra Oscar Emanuel Rodr\u00edguez como autor de los delitos de homicidio triplemente calificado por la relaci\u00f3n de pareja preexistente, alevos\u00eda y por mediar violencia de g\u00e9nero en perjuicio de Milagros Melina Flores.<\/p>\n\n\n\n<p>Finalizada la ronda de testimoniales, los jueces Paola Marocco, Javier Aranibar y Federico Diez, dispusieron un cuarto intermedio este lunes 2 de octubre para dar lugar a los alegatos de las partes. Se espera conocer el veredicto al finalizar la jornada.<\/p>\n\n\n\n<p>El 12 de noviembre de 2020, en La Merced, el acusado atac\u00f3 a su expareja en un terreno bald\u00edo del barrio San Nicol\u00e1s, caus\u00e1ndole heridas graves en abdomen, cuello, brazos y piernas. Los gritos de auxilio alertaron a vecinos y transe\u00fantes que acudieron en su ayuda. El agresor huy\u00f3 y abandon\u00f3 el cuchillo cerca de la v\u00edctima. Milagros Melina Flores fue trasladada al hospital San Bernardo, donde falleci\u00f3 el 16 de noviembre debido a graves lesiones recibidas.<\/p>\n","protected":false},"excerpt":{"rendered":"<p>Finalizada la ronda de testimoniales en el juicio que se sigue contra un hombre de 28 a\u00f1os como autor del homicidio triplemente calificado de quien fuera su pareja, se dispuso que el pr\u00f3ximo 2 de octubre se realice la jornada de alegatos. La fiscal penal de la Unidad de Femicidios, M\u00f3nica Poma, representa al Ministerio [&hellip;]<\/p>\n","protected":false},"author":2,"featured_media":65644,"comment_status":"open","ping_status":"open","sticky":false,"template":"","format":"standard","meta":{"tdm_status":"","tdm_grid_status":"","_joinchat":[],"footnotes":""},"categories":[63],"tags":[],"class_list":{"0":"post-65643","1":"post","2":"type-post","3":"status-publish","4":"format-standard","5":"has-post-thumbnail","7":"category-policiales"},"amp_enabled":true,"_links":{"self":[{"href":"https:\/\/www.todoeldia.com\/index.php\/wp-json\/wp\/v2\/posts\/65643","targetHints":{"allow":["GET"]}}],"collection":[{"href":"https:\/\/www.todoeldia.com\/index.php\/wp-json\/wp\/v2\/posts"}],"about":[{"href":"https:\/\/www.todoeldia.com\/index.php\/wp-json\/wp\/v2\/types\/post"}],"author":[{"embeddable":true,"href":"https:\/\/www.todoeldia.com\/index.php\/wp-json\/wp\/v2\/users\/2"}],"replies":[{"embeddable":true,"href":"https:\/\/www.todoeldia.com\/index.php\/wp-json\/wp\/v2\/comments?post=65643"}],"version-history":[{"count":1,"href":"https:\/\/www.todoeldia.com\/index.php\/wp-json\/wp\/v2\/posts\/65643\/revisions"}],"predecessor-version":[{"id":65645,"href":"https:\/\/www.todoeldia.com\/index.php\/wp-json\/wp\/v2\/posts\/65643\/revisions\/65645"}],"wp:featuredmedia":[{"embeddable":true,"href":"https:\/\/www.todoeldia.com\/index.php\/wp-json\/wp\/v2\/media\/65644"}],"wp:attachment":[{"href":"https:\/\/www.todoeldia.com\/index.php\/wp-json\/wp\/v2\/media?parent=65643"}],"wp:term":[{"taxonomy":"category","embeddable":true,"href":"https:\/\/www.todoeldia.com\/index.php\/wp-json\/wp\/v2\/categories?post=65643"},{"taxonomy":"post_tag","embeddable":true,"href":"https:\/\/www.todoeldia.com\/index.php\/wp-json\/wp\/v2\/tags?post=65643"}],"curies":[{"name":"wp","href":"https:\/\/api.w.org\/{rel}","templated":true}]}}