{"id":65648,"date":"2023-10-02T11:03:07","date_gmt":"2023-10-02T14:03:07","guid":{"rendered":"https:\/\/www.todoeldia.com\/?p=65648"},"modified":"2023-10-02T11:03:10","modified_gmt":"2023-10-02T14:03:10","slug":"martin-insaurralde-tambien-bajo-su-candidatura-a-concejal-en-lomas-de-zamora-tras-el-escandalo-del-yate","status":"publish","type":"post","link":"https:\/\/www.todoeldia.com\/index.php\/2023\/10\/02\/martin-insaurralde-tambien-bajo-su-candidatura-a-concejal-en-lomas-de-zamora-tras-el-escandalo-del-yate\/","title":{"rendered":"Mart\u00edn Insaurralde tambi\u00e9n baj\u00f3 su candidatura a concejal en Lomas de Zamora tras el esc\u00e1ndalo del yate"},"content":{"rendered":"\n<p>Luego de que se difundieran fotos y videos de su viaje a Marbella junto a la modelo Sof\u00eda Cl\u00e9rici, el ex intendente dej\u00f3 su la jefatura de Gabinete bonaerense y declin\u00f3 sus aspiraciones en la lista de concejales de su municipio<\/p>\n\n\n\n<p>Mart\u00edn Insaurralde renunci\u00f3 a su candidatura en Lomas de Zamora luego del esc\u00e1ndalo del fin de semana, que tambi\u00e9n lo oblig\u00f3 a dejar la jefatura de Gabinete en la provincia de Buenos Aires. El dato fue confirmado por el entorno del dirigente pol\u00edtico.<\/p>\n\n\n\n<p>El s\u00e1bado, la modelo Sof\u00eda Cl\u00e9rici difundi\u00f3 im\u00e1genes junto a Insaurralde en un yate de lujo, en Marbella, en un viaje que se habr\u00eda realizado a mediados de septiembre.<\/p>\n\n\n\n<p>Sergio Massa, candidato presidencial de Uni\u00f3n por la Patria y ministro de Econom\u00eda, le hab\u00eda pedido anoche p\u00fablicamente a Insaurralde que bajara su postulaci\u00f3n como primer candidato a concejal en Lomas, el distrito que hist\u00f3ricamente comando como intendente.<\/p>\n","protected":false},"excerpt":{"rendered":"<p>Luego de que se difundieran fotos y videos de su viaje a Marbella junto a la modelo Sof\u00eda Cl\u00e9rici, el ex intendente dej\u00f3 su la jefatura de Gabinete bonaerense y declin\u00f3 sus aspiraciones en la lista de concejales de su municipio Mart\u00edn Insaurralde renunci\u00f3 a su candidatura en Lomas de Zamora luego del esc\u00e1ndalo del [&hellip;]<\/p>\n","protected":false},"author":2,"featured_media":65649,"comment_status":"open","ping_status":"open","sticky":false,"template":"","format":"standard","meta":{"tdm_status":"","tdm_grid_status":"","_joinchat":[],"footnotes":""},"categories":[59],"tags":[],"class_list":{"0":"post-65648","1":"post","2":"type-post","3":"status-publish","4":"format-standard","5":"has-post-thumbnail","7":"category-politica"},"amp_enabled":true,"_links":{"self":[{"href":"https:\/\/www.todoeldia.com\/index.php\/wp-json\/wp\/v2\/posts\/65648","targetHints":{"allow":["GET"]}}],"collection":[{"href":"https:\/\/www.todoeldia.com\/index.php\/wp-json\/wp\/v2\/posts"}],"about":[{"href":"https:\/\/www.todoeldia.com\/index.php\/wp-json\/wp\/v2\/types\/post"}],"author":[{"embeddable":true,"href":"https:\/\/www.todoeldia.com\/index.php\/wp-json\/wp\/v2\/users\/2"}],"replies":[{"embeddable":true,"href":"https:\/\/www.todoeldia.com\/index.php\/wp-json\/wp\/v2\/comments?post=65648"}],"version-history":[{"count":1,"href":"https:\/\/www.todoeldia.com\/index.php\/wp-json\/wp\/v2\/posts\/65648\/revisions"}],"predecessor-version":[{"id":65650,"href":"https:\/\/www.todoeldia.com\/index.php\/wp-json\/wp\/v2\/posts\/65648\/revisions\/65650"}],"wp:featuredmedia":[{"embeddable":true,"href":"https:\/\/www.todoeldia.com\/index.php\/wp-json\/wp\/v2\/media\/65649"}],"wp:attachment":[{"href":"https:\/\/www.todoeldia.com\/index.php\/wp-json\/wp\/v2\/media?parent=65648"}],"wp:term":[{"taxonomy":"category","embeddable":true,"href":"https:\/\/www.todoeldia.com\/index.php\/wp-json\/wp\/v2\/categories?post=65648"},{"taxonomy":"post_tag","embeddable":true,"href":"https:\/\/www.todoeldia.com\/index.php\/wp-json\/wp\/v2\/tags?post=65648"}],"curies":[{"name":"wp","href":"https:\/\/api.w.org\/{rel}","templated":true}]}}