{"id":65651,"date":"2023-10-02T11:05:23","date_gmt":"2023-10-02T14:05:23","guid":{"rendered":"https:\/\/www.todoeldia.com\/?p=65651"},"modified":"2023-10-02T11:05:25","modified_gmt":"2023-10-02T14:05:25","slug":"cristina-kirchner-pidio-la-nulidad-de-las-causas-hotesur-los-sacues-y-memorandum-con-iran-porque-no-intervino-la-jueza-figueroa","status":"publish","type":"post","link":"https:\/\/www.todoeldia.com\/index.php\/2023\/10\/02\/cristina-kirchner-pidio-la-nulidad-de-las-causas-hotesur-los-sacues-y-memorandum-con-iran-porque-no-intervino-la-jueza-figueroa\/","title":{"rendered":"Cristina Kirchner pidi\u00f3 la nulidad de las causas Hotesur-Los Sacues y memor\u00e1ndum con Ir\u00e1n porque no intervino la jueza Figueroa"},"content":{"rendered":"\n<p>Lo hizo al apelar los fallos de la C\u00e1mara Federal de Casaci\u00f3n Penal que revoc\u00f3 sus sobreseimientos y orden\u00f3 que se hagan los juicios orales. Su defensa solicit\u00f3 que el caso llegue a la Corte Suprema de Justicia de la Naci\u00f3n.<\/p>\n\n\n\n<p>La vicepresidenta de la Naci\u00f3n, Cristina Kirchner, pidi\u00f3 hoy que se declaren nulos los fallos de la C\u00e1mara Federal de Casaci\u00f3n Penal que revocaron sus sobreseimientos y ordenaron que se hagan los juicios orales en las causas \u201cLos Sauces-Hotesur\u201d y la firma del memor\u00e1ndum de entendimiento con Ir\u00e1n. La defensa de la ex presidenta plante\u00f3, entre otros argumentos, que las resoluciones fueron dictadas sin la intervenci\u00f3n de la jueza Ana Mar\u00eda Figueroa, que fue cesanteada por la Corte Suprema de Justicia de la Naci\u00f3n por llegar a los 75 a\u00f1os -la edad m\u00e1xima que establece la Constituci\u00f3n Nacional- sin contar con un nuevo acuerdo del Senado, que lo obtuvo la semana pasada.<\/p>\n\n\n\n<p>\u201cA tal efecto la Sala que dict\u00f3 el fallo qued\u00f3 indebidamente constituida s\u00f3lo por dos jueces, habiendo sido excluida de la resoluci\u00f3n del caso la tercera magistrada (Ana Mar\u00eda Figueroa) a trav\u00e9s de una decisi\u00f3n de la Corte Suprema de Justicia de la Naci\u00f3n que no registra antecedentes similares y que resulta contraria a la pr\u00e1ctica seguida con relaci\u00f3n a otros magistrados que se encontraban en id\u00e9ntica situaci\u00f3n a la de la jueza Figueroa\u201d, sostuvieron en las apelaciones a las que accedi\u00f3 Infobae los abogados de la vicepresidenta, Alberto Beraldi y Ary Llernovoy.<\/p>\n","protected":false},"excerpt":{"rendered":"<p>Lo hizo al apelar los fallos de la C\u00e1mara Federal de Casaci\u00f3n Penal que revoc\u00f3 sus sobreseimientos y orden\u00f3 que se hagan los juicios orales. Su defensa solicit\u00f3 que el caso llegue a la Corte Suprema de Justicia de la Naci\u00f3n. La vicepresidenta de la Naci\u00f3n, Cristina Kirchner, pidi\u00f3 hoy que se declaren nulos los [&hellip;]<\/p>\n","protected":false},"author":2,"featured_media":65652,"comment_status":"open","ping_status":"open","sticky":false,"template":"","format":"standard","meta":{"tdm_status":"","tdm_grid_status":"","_joinchat":[],"footnotes":""},"categories":[63],"tags":[],"class_list":{"0":"post-65651","1":"post","2":"type-post","3":"status-publish","4":"format-standard","5":"has-post-thumbnail","7":"category-policiales"},"amp_enabled":true,"_links":{"self":[{"href":"https:\/\/www.todoeldia.com\/index.php\/wp-json\/wp\/v2\/posts\/65651","targetHints":{"allow":["GET"]}}],"collection":[{"href":"https:\/\/www.todoeldia.com\/index.php\/wp-json\/wp\/v2\/posts"}],"about":[{"href":"https:\/\/www.todoeldia.com\/index.php\/wp-json\/wp\/v2\/types\/post"}],"author":[{"embeddable":true,"href":"https:\/\/www.todoeldia.com\/index.php\/wp-json\/wp\/v2\/users\/2"}],"replies":[{"embeddable":true,"href":"https:\/\/www.todoeldia.com\/index.php\/wp-json\/wp\/v2\/comments?post=65651"}],"version-history":[{"count":1,"href":"https:\/\/www.todoeldia.com\/index.php\/wp-json\/wp\/v2\/posts\/65651\/revisions"}],"predecessor-version":[{"id":65653,"href":"https:\/\/www.todoeldia.com\/index.php\/wp-json\/wp\/v2\/posts\/65651\/revisions\/65653"}],"wp:featuredmedia":[{"embeddable":true,"href":"https:\/\/www.todoeldia.com\/index.php\/wp-json\/wp\/v2\/media\/65652"}],"wp:attachment":[{"href":"https:\/\/www.todoeldia.com\/index.php\/wp-json\/wp\/v2\/media?parent=65651"}],"wp:term":[{"taxonomy":"category","embeddable":true,"href":"https:\/\/www.todoeldia.com\/index.php\/wp-json\/wp\/v2\/categories?post=65651"},{"taxonomy":"post_tag","embeddable":true,"href":"https:\/\/www.todoeldia.com\/index.php\/wp-json\/wp\/v2\/tags?post=65651"}],"curies":[{"name":"wp","href":"https:\/\/api.w.org\/{rel}","templated":true}]}}