{"id":65654,"date":"2023-10-02T11:19:43","date_gmt":"2023-10-02T14:19:43","guid":{"rendered":"https:\/\/www.todoeldia.com\/?p=65654"},"modified":"2023-10-02T11:19:45","modified_gmt":"2023-10-02T14:19:45","slug":"quienes-fueron-los-5-participantes-de-cuestion-de-peso-que-murieron-tras-el-reality","status":"publish","type":"post","link":"https:\/\/www.todoeldia.com\/index.php\/2023\/10\/02\/quienes-fueron-los-5-participantes-de-cuestion-de-peso-que-murieron-tras-el-reality\/","title":{"rendered":"Qui\u00e9nes fueron los 5 participantes de \u201cCuesti\u00f3n de Peso\u201d que murieron tras el reality"},"content":{"rendered":"\n<p>Luego de ganar popularidad, se alejaron de la TV y sufrieron reca\u00eddas en sus tratamientos. Muchos de ellos denunciaron que se sintieron abandonados por Alberto Cormillot y su equipo.<\/p>\n\n\n\n<p>Cuesti\u00f3n de Peso fue uno de los programas m\u00e1s exitosos de la TV argentina. Su objetivo era lograr que personas con sobrepeso pudieran mejorar su calidad de vida, ense\u00f1\u00e1ndoles a cambiar sus h\u00e1bitos, incorporando la actividad f\u00edsica y en muchos casos facilit\u00e1ndoles el acceso a la cirug\u00eda bari\u00e1trica.<\/p>\n\n\n\n<figure class=\"wp-block-image size-large\"><img loading=\"lazy\" decoding=\"async\" width=\"1024\" height=\"573\" src=\"https:\/\/www.todoeldia.com\/wp-content\/uploads\/2023\/10\/image-18-1024x573.png\" alt=\"\" class=\"wp-image-65662\" srcset=\"https:\/\/www.todoeldia.com\/wp-content\/uploads\/2023\/10\/image-18-1024x573.png 1024w, https:\/\/www.todoeldia.com\/wp-content\/uploads\/2023\/10\/image-18-300x168.png 300w, https:\/\/www.todoeldia.com\/wp-content\/uploads\/2023\/10\/image-18-768x430.png 768w, https:\/\/www.todoeldia.com\/wp-content\/uploads\/2023\/10\/image-18-696x390.png 696w, https:\/\/www.todoeldia.com\/wp-content\/uploads\/2023\/10\/image-18-1068x598.png 1068w, https:\/\/www.todoeldia.com\/wp-content\/uploads\/2023\/10\/image-18-750x420.png 750w, https:\/\/www.todoeldia.com\/wp-content\/uploads\/2023\/10\/image-18.png 1440w\" sizes=\"auto, (max-width: 1024px) 100vw, 1024px\" \/><\/figure>\n\n\n\n<p><strong>Cuesti\u00f3n de Peso fue llamado el &#8220;reality saludable&#8221;.\u00a0<\/strong><\/p>\n\n\n\n<p>El ciclo, que inicialmente se emiti\u00f3 en la pantalla de eltrece, lanz\u00f3 a la fama a varios participantes. Sin embargo, cinco de ellos murieron algunos a\u00f1os despu\u00e9s de haberse ganado el coraz\u00f3n de la gente. Sus partidas fueron un shock para sus excompa\u00f1eros y el p\u00fablico en general, que sigui\u00f3 sus historias, sus reca\u00eddas y hasta las acusaciones hacia Alberto Cormillot, a quien apuntaron por haberles \u201csoltado la mano\u201d una vez que las c\u00e1maras se apagaron.<\/p>\n\n\n\n<p><strong>Juan Videla<\/strong><\/p>\n\n\n\n<figure class=\"wp-block-image size-large\"><img loading=\"lazy\" decoding=\"async\" width=\"1024\" height=\"573\" src=\"https:\/\/www.todoeldia.com\/wp-content\/uploads\/2023\/10\/image-17-1024x573.png\" alt=\"\" class=\"wp-image-65660\" srcset=\"https:\/\/www.todoeldia.com\/wp-content\/uploads\/2023\/10\/image-17-1024x573.png 1024w, https:\/\/www.todoeldia.com\/wp-content\/uploads\/2023\/10\/image-17-300x168.png 300w, https:\/\/www.todoeldia.com\/wp-content\/uploads\/2023\/10\/image-17-768x430.png 768w, https:\/\/www.todoeldia.com\/wp-content\/uploads\/2023\/10\/image-17-696x390.png 696w, https:\/\/www.todoeldia.com\/wp-content\/uploads\/2023\/10\/image-17-1068x598.png 1068w, https:\/\/www.todoeldia.com\/wp-content\/uploads\/2023\/10\/image-17-750x420.png 750w, https:\/\/www.todoeldia.com\/wp-content\/uploads\/2023\/10\/image-17.png 1440w\" sizes=\"auto, (max-width: 1024px) 100vw, 1024px\" \/><\/figure>\n\n\n\n<p><strong>Juan Videla muri\u00f3 a los 29 a\u00f1os.<\/strong><\/p>\n\n\n\n<p>En enero de 2016, la comunidad de Cuesti\u00f3n de Peso sufri\u00f3 la primera p\u00e9rdida con la muerte de Juan Videla, el mendocino que se sum\u00f3 al ciclo en 2008. Ten\u00eda 29 a\u00f1os y decidi\u00f3 abandonar el tratamiento luego de haber bajado 90 kilos.<\/p>\n\n\n\n<p>\u201cEstaba en un estado de inmovilidad e insuficiencia respiratoria muy severo. Ten\u00eda asistencia respiratoria y se sospechaba de una neumon\u00eda que no pudo ser confirmada porque los aparatos m\u00f3viles no permiten hacer placas a personas de su tama\u00f1o\u201d, explic\u00f3 el director del hospital a radio Nihuil en aquel entonces. Al momento de su deceso pesaba 400 kilos.<\/p>\n\n\n\n<p><strong>Charly Sin\u00f3poli<\/strong><\/p>\n\n\n\n<figure class=\"wp-block-image size-large\"><img loading=\"lazy\" decoding=\"async\" width=\"1024\" height=\"577\" src=\"https:\/\/www.todoeldia.com\/wp-content\/uploads\/2023\/10\/image-16-1024x577.png\" alt=\"\" class=\"wp-image-65659\" srcset=\"https:\/\/www.todoeldia.com\/wp-content\/uploads\/2023\/10\/image-16-1024x577.png 1024w, https:\/\/www.todoeldia.com\/wp-content\/uploads\/2023\/10\/image-16-300x169.png 300w, https:\/\/www.todoeldia.com\/wp-content\/uploads\/2023\/10\/image-16-768x433.png 768w, https:\/\/www.todoeldia.com\/wp-content\/uploads\/2023\/10\/image-16-696x392.png 696w, https:\/\/www.todoeldia.com\/wp-content\/uploads\/2023\/10\/image-16-1068x602.png 1068w, https:\/\/www.todoeldia.com\/wp-content\/uploads\/2023\/10\/image-16-745x420.png 745w, https:\/\/www.todoeldia.com\/wp-content\/uploads\/2023\/10\/image-16.png 1440w\" sizes=\"auto, (max-width: 1024px) 100vw, 1024px\" \/><\/figure>\n\n\n\n<p><strong>El paso de Charly por Cuesti\u00f3n de Peso, en 2013.\u00a0<\/strong><\/p>\n\n\n\n<p>Carlos Vicente Sin\u00f3poli, m\u00e1s conocido como Charly, muri\u00f3 en abril de 2019 por un infarto. Se encontraba con prisi\u00f3n domiciliaria desde 2016, cuando hab\u00eda sido detenido durante un allanamiento en el que se secuestraron armas y veh\u00edculos en el marco de una causa por \u201crobo y lesiones\u201d.<\/p>\n\n\n\n<p>El joven de 31 a\u00f1os hab\u00eda aumentado dr\u00e1sticamente de peso en los \u00faltimos meses y su cuerpo tuvo que ser retirado de la vivienda con la ayuda de los bomberos. Charly se hab\u00eda sumado al reality en 2013, y en su primer d\u00eda como participante Alberto Cormillot le dio una noticia devastadora: \u201cEl volumen de su h\u00edgado es tres veces mayor que lo normal. Est\u00e1 en su grado m\u00e1ximo. Sin tomar alcohol puede desarrollar cirrosis\u201d.<\/p>\n\n\n\n<p><strong>Maxi Oliva<\/strong><\/p>\n\n\n\n<figure class=\"wp-block-image size-large\"><img loading=\"lazy\" decoding=\"async\" width=\"1024\" height=\"573\" src=\"https:\/\/www.todoeldia.com\/wp-content\/uploads\/2023\/10\/image-14-1024x573.png\" alt=\"\" class=\"wp-image-65657\" srcset=\"https:\/\/www.todoeldia.com\/wp-content\/uploads\/2023\/10\/image-14-1024x573.png 1024w, https:\/\/www.todoeldia.com\/wp-content\/uploads\/2023\/10\/image-14-300x168.png 300w, https:\/\/www.todoeldia.com\/wp-content\/uploads\/2023\/10\/image-14-768x430.png 768w, https:\/\/www.todoeldia.com\/wp-content\/uploads\/2023\/10\/image-14-696x390.png 696w, https:\/\/www.todoeldia.com\/wp-content\/uploads\/2023\/10\/image-14-1068x598.png 1068w, https:\/\/www.todoeldia.com\/wp-content\/uploads\/2023\/10\/image-14-750x420.png 750w, https:\/\/www.todoeldia.com\/wp-content\/uploads\/2023\/10\/image-14.png 1440w\" sizes=\"auto, (max-width: 1024px) 100vw, 1024px\" \/><\/figure>\n\n\n\n<p><strong>Maxi Oliva fue campe\u00f3n de &#8220;Cuesti\u00f3n de Peso&#8221; en 2007 y una d\u00e9cada despu\u00e9s regres\u00f3 al reality por una brutal reca\u00edda. Falleci\u00f3 en 2019.<\/strong><\/p>\n\n\n\n<p>El joven se hab\u00eda consagrado campe\u00f3n del reality en 2007, cuando la balanza comprob\u00f3 que hab\u00eda perdido m\u00e1s de 100 kilos. Sin embargo, una d\u00e9cada despu\u00e9s su historia fue otra: su salud empeor\u00f3 dr\u00e1sticamente, lleg\u00f3 a pesar 400 kilos y lo tuvieron que sacar de la casa rompiendo una ventana. \u201cHace dos a\u00f1os estoy postrado. Vivo agitado\u201d, coment\u00f3 antes de que Defensa Civil comenzara el operativo.<\/p>\n\n\n\n<figure class=\"wp-block-image size-large\"><img loading=\"lazy\" decoding=\"async\" width=\"1024\" height=\"677\" src=\"https:\/\/www.todoeldia.com\/wp-content\/uploads\/2023\/10\/image-15-1024x677.png\" alt=\"\" class=\"wp-image-65658\" srcset=\"https:\/\/www.todoeldia.com\/wp-content\/uploads\/2023\/10\/image-15-1024x677.png 1024w, https:\/\/www.todoeldia.com\/wp-content\/uploads\/2023\/10\/image-15-300x198.png 300w, https:\/\/www.todoeldia.com\/wp-content\/uploads\/2023\/10\/image-15-768x508.png 768w, https:\/\/www.todoeldia.com\/wp-content\/uploads\/2023\/10\/image-15-696x460.png 696w, https:\/\/www.todoeldia.com\/wp-content\/uploads\/2023\/10\/image-15-1068x706.png 1068w, https:\/\/www.todoeldia.com\/wp-content\/uploads\/2023\/10\/image-15-635x420.png 635w, https:\/\/www.todoeldia.com\/wp-content\/uploads\/2023\/10\/image-15.png 1440w\" sizes=\"auto, (max-width: 1024px) 100vw, 1024px\" \/><\/figure>\n\n\n\n<p><strong>Maxi Oliva despu\u00e9s de consagrarse campe\u00f3n en la primera edici\u00f3n de &#8220;Cuesti\u00f3n de peso&#8221;<\/strong><\/p>\n\n\n\n<p>Maxi Oliva muri\u00f3 en julio de 2019, y seg\u00fan pudo confirmar TN Show en ese entonces, poco antes del triste desenlace hab\u00eda abandonado por su propia cuenta el Centro Municipal de Obesidad y Enfermedades Metab\u00f3licas Dr. Alberto Cormillot, en Malvinas Argentinas, donde estuvo internado. Expres\u00f3 que quer\u00eda pasar m\u00e1s tiempo con su familia en su casa y nunca regres\u00f3.<\/p>\n\n\n\n<p><strong>Valeria Garc\u00eda<\/strong><\/p>\n\n\n\n<figure class=\"wp-block-image size-large\"><img loading=\"lazy\" decoding=\"async\" width=\"1024\" height=\"577\" src=\"https:\/\/www.todoeldia.com\/wp-content\/uploads\/2023\/10\/image-13-1024x577.png\" alt=\"\" class=\"wp-image-65656\" srcset=\"https:\/\/www.todoeldia.com\/wp-content\/uploads\/2023\/10\/image-13-1024x577.png 1024w, https:\/\/www.todoeldia.com\/wp-content\/uploads\/2023\/10\/image-13-300x169.png 300w, https:\/\/www.todoeldia.com\/wp-content\/uploads\/2023\/10\/image-13-768x433.png 768w, https:\/\/www.todoeldia.com\/wp-content\/uploads\/2023\/10\/image-13-696x392.png 696w, https:\/\/www.todoeldia.com\/wp-content\/uploads\/2023\/10\/image-13-1068x601.png 1068w, https:\/\/www.todoeldia.com\/wp-content\/uploads\/2023\/10\/image-13-746x420.png 746w, https:\/\/www.todoeldia.com\/wp-content\/uploads\/2023\/10\/image-13.png 1440w\" sizes=\"auto, (max-width: 1024px) 100vw, 1024px\" \/><\/figure>\n\n\n\n<p><strong>Valeria Garc\u00eda y su hermana Natalia fueron muy queridas por los televidentes.\u00a0<\/strong><\/p>\n\n\n\n<p>Una de las queridas mellizas de Cuesti\u00f3n de Peso muri\u00f3 en noviembre de 2017, seis meses despu\u00e9s de haber sido atropellada por una camioneta en la localidad de Azul. \u201cEl 2 de mayo fue el accidente donde sufri\u00f3 una fractura de cadera y la luxaci\u00f3n de la rodilla y los hombros. Primero la trasladaron al hospital Evita Pueblo, en Berazategui, pero luego indicaron que el lugar no estaba preparado para atenderla y la llevaron a El Cruce, en Florencio Varela. El 27 de julio le dieron el alta, pero no pod\u00eda caminar\u201d, indic\u00f3 su hermana, Natalia Garc\u00eda, en di\u00e1logo con este medio.<\/p>\n\n\n\n<p>A Valeria la mandaron a la casa de sus padres, en Guernica, a una especie de internaci\u00f3n domiciliaria. Tiempo despu\u00e9s, empez\u00f3 a sentir una molestia en un colgajo del abdomen y los m\u00e9dicos determinaron que era una infecci\u00f3n. Los antibi\u00f3ticos que le administraron no hicieron efecto y su cuadro empeor\u00f3. Termin\u00f3 falleciendo en la terapia intensiva.<\/p>\n\n\n\n<p><strong>Hern\u00e1n Terranova<\/strong><\/p>\n\n\n\n<figure class=\"wp-block-image size-large\"><img loading=\"lazy\" decoding=\"async\" width=\"1024\" height=\"768\" src=\"https:\/\/www.todoeldia.com\/wp-content\/uploads\/2023\/10\/image-12-1024x768.png\" alt=\"\" class=\"wp-image-65655\" srcset=\"https:\/\/www.todoeldia.com\/wp-content\/uploads\/2023\/10\/image-12-1024x768.png 1024w, https:\/\/www.todoeldia.com\/wp-content\/uploads\/2023\/10\/image-12-300x225.png 300w, https:\/\/www.todoeldia.com\/wp-content\/uploads\/2023\/10\/image-12-768x576.png 768w, https:\/\/www.todoeldia.com\/wp-content\/uploads\/2023\/10\/image-12-696x522.png 696w, https:\/\/www.todoeldia.com\/wp-content\/uploads\/2023\/10\/image-12-1068x801.png 1068w, https:\/\/www.todoeldia.com\/wp-content\/uploads\/2023\/10\/image-12-560x420.png 560w, https:\/\/www.todoeldia.com\/wp-content\/uploads\/2023\/10\/image-12-80x60.png 80w, https:\/\/www.todoeldia.com\/wp-content\/uploads\/2023\/10\/image-12-265x198.png 265w, https:\/\/www.todoeldia.com\/wp-content\/uploads\/2023\/10\/image-12.png 1440w\" sizes=\"auto, (max-width: 1024px) 100vw, 1024px\" \/><\/figure>\n\n\n\n<p>El verdulero Hern\u00e1n Terranova fue uno de los participantes m\u00e1s populares y queridos de Cuesti\u00f3n de Peso. Ten\u00eda 47 a\u00f1os y desde hac\u00eda d\u00e9cadas luchaba contra la obesidad, enfermedad que en los \u00faltimos meses de vida le trajo complicaciones severas.<\/p>\n\n\n\n<p>Su muerte se conoci\u00f3 a fines de agosto a trav\u00e9s de las redes de Lorna Gemetto, una de sus excompa\u00f1eras de reality y conocida en todo el pa\u00eds como la fan n\u00famero uno de Susana Gim\u00e9nez. \u201c\u00daltimamente ten\u00eda muchos problemas de depresi\u00f3n, m\u00e1s su situaci\u00f3n de peso, se descuid\u00f3 mucho. Se descompens\u00f3 y hac\u00eda una semana estaba internado en coma farmacol\u00f3gico. Tampoco le funcionaban los ri\u00f1ones\u201d, coment\u00f3.<\/p>\n","protected":false},"excerpt":{"rendered":"<p>Luego de ganar popularidad, se alejaron de la TV y sufrieron reca\u00eddas en sus tratamientos. Muchos de ellos denunciaron que se sintieron abandonados por Alberto Cormillot y su equipo. Cuesti\u00f3n de Peso fue uno de los programas m\u00e1s exitosos de la TV argentina. Su objetivo era lograr que personas con sobrepeso pudieran mejorar su calidad [&hellip;]<\/p>\n","protected":false},"author":2,"featured_media":65661,"comment_status":"open","ping_status":"open","sticky":false,"template":"","format":"standard","meta":{"tdm_status":"","tdm_grid_status":"","_joinchat":[],"footnotes":""},"categories":[73],"tags":[],"class_list":{"0":"post-65654","1":"post","2":"type-post","3":"status-publish","4":"format-standard","5":"has-post-thumbnail","7":"category-noticias-general"},"amp_enabled":true,"_links":{"self":[{"href":"https:\/\/www.todoeldia.com\/index.php\/wp-json\/wp\/v2\/posts\/65654","targetHints":{"allow":["GET"]}}],"collection":[{"href":"https:\/\/www.todoeldia.com\/index.php\/wp-json\/wp\/v2\/posts"}],"about":[{"href":"https:\/\/www.todoeldia.com\/index.php\/wp-json\/wp\/v2\/types\/post"}],"author":[{"embeddable":true,"href":"https:\/\/www.todoeldia.com\/index.php\/wp-json\/wp\/v2\/users\/2"}],"replies":[{"embeddable":true,"href":"https:\/\/www.todoeldia.com\/index.php\/wp-json\/wp\/v2\/comments?post=65654"}],"version-history":[{"count":1,"href":"https:\/\/www.todoeldia.com\/index.php\/wp-json\/wp\/v2\/posts\/65654\/revisions"}],"predecessor-version":[{"id":65663,"href":"https:\/\/www.todoeldia.com\/index.php\/wp-json\/wp\/v2\/posts\/65654\/revisions\/65663"}],"wp:featuredmedia":[{"embeddable":true,"href":"https:\/\/www.todoeldia.com\/index.php\/wp-json\/wp\/v2\/media\/65661"}],"wp:attachment":[{"href":"https:\/\/www.todoeldia.com\/index.php\/wp-json\/wp\/v2\/media?parent=65654"}],"wp:term":[{"taxonomy":"category","embeddable":true,"href":"https:\/\/www.todoeldia.com\/index.php\/wp-json\/wp\/v2\/categories?post=65654"},{"taxonomy":"post_tag","embeddable":true,"href":"https:\/\/www.todoeldia.com\/index.php\/wp-json\/wp\/v2\/tags?post=65654"}],"curies":[{"name":"wp","href":"https:\/\/api.w.org\/{rel}","templated":true}]}}