{"id":65684,"date":"2023-10-02T19:01:34","date_gmt":"2023-10-02T22:01:34","guid":{"rendered":"https:\/\/www.todoeldia.com\/?p=65684"},"modified":"2023-10-02T19:06:05","modified_gmt":"2023-10-02T22:06:05","slug":"dos-bandas-a-los-tiros-en-pleno-centro-de-embarcacion","status":"publish","type":"post","link":"https:\/\/www.todoeldia.com\/index.php\/2023\/10\/02\/dos-bandas-a-los-tiros-en-pleno-centro-de-embarcacion\/","title":{"rendered":"Dos bandas a los tiros en pleno centro de Embarcaci\u00f3n"},"content":{"rendered":"\n<p>Ocurri\u00f3 ayer cerca de las 11:30 de la ma\u00f1ana cuando los vecinos escucharon varias detonaciones de armas de fuego, pero no sab\u00edan de d\u00f3nde ven\u00edan hasta que se supo que los disparos proven\u00edan de la avenida Per\u00f3n.<\/p>\n\n\n\n<figure class=\"wp-block-image size-large\"><img loading=\"lazy\" decoding=\"async\" width=\"576\" height=\"1024\" src=\"https:\/\/www.todoeldia.com\/wp-content\/uploads\/2023\/10\/image-25-576x1024.png\" alt=\"\" class=\"wp-image-65695\" srcset=\"https:\/\/www.todoeldia.com\/wp-content\/uploads\/2023\/10\/image-25-576x1024.png 576w, https:\/\/www.todoeldia.com\/wp-content\/uploads\/2023\/10\/image-25-169x300.png 169w, https:\/\/www.todoeldia.com\/wp-content\/uploads\/2023\/10\/image-25-300x533.png 300w, https:\/\/www.todoeldia.com\/wp-content\/uploads\/2023\/10\/image-25-696x1237.png 696w, https:\/\/www.todoeldia.com\/wp-content\/uploads\/2023\/10\/image-25-236x420.png 236w, https:\/\/www.todoeldia.com\/wp-content\/uploads\/2023\/10\/image-25.png 720w\" sizes=\"auto, (max-width: 576px) 100vw, 576px\" \/><\/figure>\n\n\n\n<p>Una camioneta Toyota de color Gris estaba estacionada en avenida Per\u00f3n con direcci\u00f3n al norte mientras que otra camioneta de color &#8220;verde o celeste&#8221; se estacionaba en la vereda del frente pegada a un garaje de los departamentos.<\/p>\n\n\n\n<figure class=\"wp-block-image size-large\"><img loading=\"lazy\" decoding=\"async\" width=\"1024\" height=\"577\" src=\"https:\/\/www.todoeldia.com\/wp-content\/uploads\/2023\/10\/image-22-1024x577.png\" alt=\"\" class=\"wp-image-65686\" srcset=\"https:\/\/www.todoeldia.com\/wp-content\/uploads\/2023\/10\/image-22-1024x577.png 1024w, https:\/\/www.todoeldia.com\/wp-content\/uploads\/2023\/10\/image-22-300x169.png 300w, https:\/\/www.todoeldia.com\/wp-content\/uploads\/2023\/10\/image-22-768x432.png 768w, https:\/\/www.todoeldia.com\/wp-content\/uploads\/2023\/10\/image-22-696x392.png 696w, https:\/\/www.todoeldia.com\/wp-content\/uploads\/2023\/10\/image-22-1068x601.png 1068w, https:\/\/www.todoeldia.com\/wp-content\/uploads\/2023\/10\/image-22-746x420.png 746w, https:\/\/www.todoeldia.com\/wp-content\/uploads\/2023\/10\/image-22.png 1156w\" sizes=\"auto, (max-width: 1024px) 100vw, 1024px\" \/><\/figure>\n\n\n\n<p>En determinado momento de la Toyota se bajan dos hombres y una mujer y uno de ellos saca un arma de fuego y comienza a disparar a los ocupantes de la camioneta que estaba estacionada al frente.<\/p>\n\n\n\n<p>Estos repelieron la agresi\u00f3n de la misma forma logrando herir a un hombre en la mano. Esta persona herida sale corriendo hacia avenida Espa\u00f1a hasta calle San Luis pasando por frente de la Unidad Regional, mientras la Toyota escapa del lugar dirigi\u00e9ndose al norte por avenida Per\u00f3n y Calcuta d\u00f3nde la filma una c\u00e1mara de seguridad subiendo a ruta 34.<\/p>\n\n\n\n<figure class=\"wp-block-image\"><img decoding=\"async\" src=\"blob:https:\/\/www.todoeldia.com\/703d5f3f-aa08-4b16-a81d-63814e5dfb00\" alt=\"\"\/><\/figure>\n\n\n\n<p>El otro veh\u00edculo sali\u00f3 para el sur de la ciudad por avenida Espa\u00f1a y ruta 34.<\/p>\n\n\n\n<p>En el lugar quedaron las manchas de sangre de la persona herida y los casquillos de los proyectiles.<\/p>\n\n\n\n<figure class=\"wp-block-image size-large\"><img loading=\"lazy\" decoding=\"async\" width=\"1024\" height=\"577\" src=\"https:\/\/www.todoeldia.com\/wp-content\/uploads\/2023\/10\/image-23-1024x577.png\" alt=\"\" class=\"wp-image-65687\" srcset=\"https:\/\/www.todoeldia.com\/wp-content\/uploads\/2023\/10\/image-23-1024x577.png 1024w, https:\/\/www.todoeldia.com\/wp-content\/uploads\/2023\/10\/image-23-300x169.png 300w, https:\/\/www.todoeldia.com\/wp-content\/uploads\/2023\/10\/image-23-768x432.png 768w, https:\/\/www.todoeldia.com\/wp-content\/uploads\/2023\/10\/image-23-696x392.png 696w, https:\/\/www.todoeldia.com\/wp-content\/uploads\/2023\/10\/image-23-1068x601.png 1068w, https:\/\/www.todoeldia.com\/wp-content\/uploads\/2023\/10\/image-23-746x420.png 746w, https:\/\/www.todoeldia.com\/wp-content\/uploads\/2023\/10\/image-23.png 1156w\" sizes=\"auto, (max-width: 1024px) 100vw, 1024px\" \/><\/figure>\n\n\n\n<p>Esta ma\u00f1ana un equipo de Canal 10 encontr\u00f3 un proyectil donde supuestamente estaba estacionada la camioneta gris.<\/p>\n\n\n\n<p>La polic\u00eda investiga el tiroteo con el fin de identificar a los responsables y saber si se trata de personas que residen en el pueblo o se encontraban de paso por la zona.<\/p>\n","protected":false},"excerpt":{"rendered":"<p>Ocurri\u00f3 ayer cerca de las 11:30 de la ma\u00f1ana cuando los vecinos escucharon varias detonaciones de armas de fuego, pero no sab\u00edan de d\u00f3nde ven\u00edan hasta que se supo que los disparos proven\u00edan de la avenida Per\u00f3n. Una camioneta Toyota de color Gris estaba estacionada en avenida Per\u00f3n con direcci\u00f3n al norte mientras que otra [&hellip;]<\/p>\n","protected":false},"author":2,"featured_media":65694,"comment_status":"open","ping_status":"open","sticky":false,"template":"","format":"standard","meta":{"tdm_status":"","tdm_grid_status":"","_joinchat":[],"footnotes":""},"categories":[63],"tags":[],"class_list":{"0":"post-65684","1":"post","2":"type-post","3":"status-publish","4":"format-standard","5":"has-post-thumbnail","7":"category-policiales"},"amp_enabled":true,"_links":{"self":[{"href":"https:\/\/www.todoeldia.com\/index.php\/wp-json\/wp\/v2\/posts\/65684","targetHints":{"allow":["GET"]}}],"collection":[{"href":"https:\/\/www.todoeldia.com\/index.php\/wp-json\/wp\/v2\/posts"}],"about":[{"href":"https:\/\/www.todoeldia.com\/index.php\/wp-json\/wp\/v2\/types\/post"}],"author":[{"embeddable":true,"href":"https:\/\/www.todoeldia.com\/index.php\/wp-json\/wp\/v2\/users\/2"}],"replies":[{"embeddable":true,"href":"https:\/\/www.todoeldia.com\/index.php\/wp-json\/wp\/v2\/comments?post=65684"}],"version-history":[{"count":3,"href":"https:\/\/www.todoeldia.com\/index.php\/wp-json\/wp\/v2\/posts\/65684\/revisions"}],"predecessor-version":[{"id":65697,"href":"https:\/\/www.todoeldia.com\/index.php\/wp-json\/wp\/v2\/posts\/65684\/revisions\/65697"}],"wp:featuredmedia":[{"embeddable":true,"href":"https:\/\/www.todoeldia.com\/index.php\/wp-json\/wp\/v2\/media\/65694"}],"wp:attachment":[{"href":"https:\/\/www.todoeldia.com\/index.php\/wp-json\/wp\/v2\/media?parent=65684"}],"wp:term":[{"taxonomy":"category","embeddable":true,"href":"https:\/\/www.todoeldia.com\/index.php\/wp-json\/wp\/v2\/categories?post=65684"},{"taxonomy":"post_tag","embeddable":true,"href":"https:\/\/www.todoeldia.com\/index.php\/wp-json\/wp\/v2\/tags?post=65684"}],"curies":[{"name":"wp","href":"https:\/\/api.w.org\/{rel}","templated":true}]}}