{"id":65701,"date":"2023-10-02T20:24:08","date_gmt":"2023-10-02T23:24:08","guid":{"rendered":"https:\/\/www.todoeldia.com\/?p=65701"},"modified":"2023-10-02T20:24:12","modified_gmt":"2023-10-02T23:24:12","slug":"buscan-intensamente-a-un-adolescente-de-13-anos-que-desaparecio-el-pasado-sabado","status":"publish","type":"post","link":"https:\/\/www.todoeldia.com\/index.php\/2023\/10\/02\/buscan-intensamente-a-un-adolescente-de-13-anos-que-desaparecio-el-pasado-sabado\/","title":{"rendered":"Buscan intensamente a un adolescente de 13 a\u00f1os que desapareci\u00f3 el pasado s\u00e1bado"},"content":{"rendered":"\n<p>Benicio Goytea se ausent\u00f3 de barrio Norte Grande, cuando se encontraba en casa de su abuela materna. El \u00faltimo contacto fue con una prima a quien le dijo que se ir\u00eda a una fiesta en San Luis.<\/p>\n\n\n\n<p>La fiscal penal Anal\u00eda Adet Figueroa, subrogante en Fiscal\u00eda Penal 6, activ\u00f3 protocolo de b\u00fasqueda para dar con el paradero del adolescente identificado como Benicio Armando Goytea Cruz, de 13 a\u00f1os de edad.<\/p>\n\n\n\n<p>La denuncia fue radicada d\u00edas despu\u00e9s, este lunes 2 de octubre por la madre del menor, quien manifest\u00f3 que su hijo se retir\u00f3 del domicilio el pasado 30 de septiembre, alrededor de las 20 horas, cuando se encontraba en compa\u00f1\u00eda de su abuela materna, quien reside en barrio Norte Grande.<\/p>\n\n\n\n<p>El \u00faltimo contacto lo mantuvo a trav\u00e9s de redes sociales con una prima el d\u00eda que se ausent\u00f3, a quien le dijo que se iba a una fiesta en San Luis.<\/p>\n\n\n\n<p>De acuerdo a lo manifestado por su madre, su hijo tendr\u00eda en su poder su documento de identidad y tarjeta de transporte p\u00fablico estudiantil.<\/p>\n\n\n\n<p>Apenas tom\u00f3 conocimiento de la novedad, la Fiscal\u00eda Penal 6 dispuso una serie de medidas para dar con el paradero del menor.<\/p>\n\n\n\n<p>Benicio Goytea Cruz mide 1.60 mts., es de contextura f\u00edsica delgada, tez blanca, cabello corto casta\u00f1o oscuro y como se\u00f1as particulares tiene un aro en una de sus orejas y corte de cejas.<\/p>\n\n\n\n<p>Al momento de ausentarse, el adolescente vest\u00eda buzo blanco, jean negro y zapatillas blancas.<\/p>\n\n\n\n<p>Se solicita a la persona que pueda aportar datos o informaci\u00f3n \u00fatil, comunicarse al Sistema de Emergencias 911 o dirigirse a la dependencia policial m\u00e1s cercana.<\/p>\n","protected":false},"excerpt":{"rendered":"<p>Benicio Goytea se ausent\u00f3 de barrio Norte Grande, cuando se encontraba en casa de su abuela materna. El \u00faltimo contacto fue con una prima a quien le dijo que se ir\u00eda a una fiesta en San Luis. La fiscal penal Anal\u00eda Adet Figueroa, subrogante en Fiscal\u00eda Penal 6, activ\u00f3 protocolo de b\u00fasqueda para dar con [&hellip;]<\/p>\n","protected":false},"author":2,"featured_media":65702,"comment_status":"open","ping_status":"open","sticky":false,"template":"","format":"standard","meta":{"tdm_status":"","tdm_grid_status":"","_joinchat":[],"footnotes":""},"categories":[63],"tags":[],"class_list":{"0":"post-65701","1":"post","2":"type-post","3":"status-publish","4":"format-standard","5":"has-post-thumbnail","7":"category-policiales"},"amp_enabled":true,"_links":{"self":[{"href":"https:\/\/www.todoeldia.com\/index.php\/wp-json\/wp\/v2\/posts\/65701","targetHints":{"allow":["GET"]}}],"collection":[{"href":"https:\/\/www.todoeldia.com\/index.php\/wp-json\/wp\/v2\/posts"}],"about":[{"href":"https:\/\/www.todoeldia.com\/index.php\/wp-json\/wp\/v2\/types\/post"}],"author":[{"embeddable":true,"href":"https:\/\/www.todoeldia.com\/index.php\/wp-json\/wp\/v2\/users\/2"}],"replies":[{"embeddable":true,"href":"https:\/\/www.todoeldia.com\/index.php\/wp-json\/wp\/v2\/comments?post=65701"}],"version-history":[{"count":1,"href":"https:\/\/www.todoeldia.com\/index.php\/wp-json\/wp\/v2\/posts\/65701\/revisions"}],"predecessor-version":[{"id":65703,"href":"https:\/\/www.todoeldia.com\/index.php\/wp-json\/wp\/v2\/posts\/65701\/revisions\/65703"}],"wp:featuredmedia":[{"embeddable":true,"href":"https:\/\/www.todoeldia.com\/index.php\/wp-json\/wp\/v2\/media\/65702"}],"wp:attachment":[{"href":"https:\/\/www.todoeldia.com\/index.php\/wp-json\/wp\/v2\/media?parent=65701"}],"wp:term":[{"taxonomy":"category","embeddable":true,"href":"https:\/\/www.todoeldia.com\/index.php\/wp-json\/wp\/v2\/categories?post=65701"},{"taxonomy":"post_tag","embeddable":true,"href":"https:\/\/www.todoeldia.com\/index.php\/wp-json\/wp\/v2\/tags?post=65701"}],"curies":[{"name":"wp","href":"https:\/\/api.w.org\/{rel}","templated":true}]}}