{"id":65838,"date":"2023-10-04T10:42:28","date_gmt":"2023-10-04T13:42:28","guid":{"rendered":"https:\/\/www.todoeldia.com\/?p=65838"},"modified":"2023-10-04T10:42:30","modified_gmt":"2023-10-04T13:42:30","slug":"chau-la-pena-de-morfi-jesica-cirio-denunciada-y-descansos-forzados-tengo-todo-en-blanco","status":"publish","type":"post","link":"https:\/\/www.todoeldia.com\/index.php\/2023\/10\/04\/chau-la-pena-de-morfi-jesica-cirio-denunciada-y-descansos-forzados-tengo-todo-en-blanco\/","title":{"rendered":"\u00bfChau La Pe\u00f1a de Morfi? J\u00e9sica Cirio, denunciada y descansos forzados: &#8220;Tengo todo en blanco&#8221;"},"content":{"rendered":"\n<p>La conductora enfrenta una causa por enriquecimiento il\u00edcito.<\/p>\n\n\n\n<p>El esc\u00e1ndalo del Marbella-Gate que involucr\u00f3 a Mart\u00edn Insaurralde y Sof\u00eda Clerici sigue salpicando a su alrededor. Ahora es el turno de J\u00e9sica Cirio, la ex esposa del ex jefe de Gabinete bonaerense, a quien tambi\u00e9n como a \u00e9l denunciaron por enriquecimiento il\u00edcito y por el abuso e incumplimiento de autoridad y violaci\u00f3n de los deberes de funcionarios p\u00fablicos. Aunque no es el \u00fanico problema que enfrenta la madre de Chloe, ya que se sabe que desde La Pe\u00f1a de Morfi le pidieron que se tome unas vacaciones.<\/p>\n\n\n\n<p>&#8220;Se comunicaron con la productora para la que trabaja y le dijeron que se tomara vacaciones&#8221;, revel\u00f3 la periodista Marcela Tauro al aire de Intrusos, en Am\u00e9rica TV. Esto fue refrendado por la conductora Florencia de la V, quien cont\u00f3 que el lunes le escribi\u00f3 a Cirio y &#8220;por primera vez&#8221; no le contest\u00f3. &#8220;Me enter\u00e9 que no tuvo un d\u00eda f\u00e1cil ayer&#8221;, agreg\u00f3. &#8220;En horas de ayer, altos directivos de Telefe habr\u00edan llamado a la productora que la tiene contratada a J\u00e9sica y le habr\u00edan dicho \u2018un descansito, por lo menos este domingo no\u2019. Porque dicen que la vieron muy nerviosa y muy atenta al celular este domingo que pas\u00f3&#8221;, detall\u00f3 Tauro.<\/p>\n\n\n\n<p>La periodista fue contundente al afirmar que la decisi\u00f3n fue tomada por la se\u00f1al televisiva y que ellos se lo transmitieron a la productora, para que anoticie a la conductora. La medida ser\u00eda &#8220;por lo menos&#8221; por el pr\u00f3ximo domingo, d\u00eda en el cual suele salir al aire el formato que fund\u00f3 Gerardo Roz\u00edn.<\/p>\n\n\n\n<p>Si bien el testimonio de Tauro no aclar\u00f3 que la iniciativa tenga que ver con la demanda que le realiz\u00f3 el abogado Santiago Dupuy de Lome a ella y a su ex pareja, el panelista Guido Z\u00e1ffora asegur\u00f3 que esa es la principal raz\u00f3n por la que Telefe opt\u00f3 por este descanso forzado. &#8220;El l\u00edmite del canal es cuando hay una acci\u00f3n contra una figura de la Justicia. Si la Justicia interviene en una causa donde la figura est\u00e1 investigada, ese es el l\u00edmite para que la corran&#8221;, precis\u00f3.<\/p>\n","protected":false},"excerpt":{"rendered":"<p>La conductora enfrenta una causa por enriquecimiento il\u00edcito. El esc\u00e1ndalo del Marbella-Gate que involucr\u00f3 a Mart\u00edn Insaurralde y Sof\u00eda Clerici sigue salpicando a su alrededor. Ahora es el turno de J\u00e9sica Cirio, la ex esposa del ex jefe de Gabinete bonaerense, a quien tambi\u00e9n como a \u00e9l denunciaron por enriquecimiento il\u00edcito y por el abuso [&hellip;]<\/p>\n","protected":false},"author":2,"featured_media":65839,"comment_status":"open","ping_status":"open","sticky":false,"template":"","format":"standard","meta":{"tdm_status":"","tdm_grid_status":"","_joinchat":[],"footnotes":""},"categories":[73],"tags":[],"class_list":{"0":"post-65838","1":"post","2":"type-post","3":"status-publish","4":"format-standard","5":"has-post-thumbnail","7":"category-noticias-general"},"amp_enabled":true,"_links":{"self":[{"href":"https:\/\/www.todoeldia.com\/index.php\/wp-json\/wp\/v2\/posts\/65838","targetHints":{"allow":["GET"]}}],"collection":[{"href":"https:\/\/www.todoeldia.com\/index.php\/wp-json\/wp\/v2\/posts"}],"about":[{"href":"https:\/\/www.todoeldia.com\/index.php\/wp-json\/wp\/v2\/types\/post"}],"author":[{"embeddable":true,"href":"https:\/\/www.todoeldia.com\/index.php\/wp-json\/wp\/v2\/users\/2"}],"replies":[{"embeddable":true,"href":"https:\/\/www.todoeldia.com\/index.php\/wp-json\/wp\/v2\/comments?post=65838"}],"version-history":[{"count":1,"href":"https:\/\/www.todoeldia.com\/index.php\/wp-json\/wp\/v2\/posts\/65838\/revisions"}],"predecessor-version":[{"id":65840,"href":"https:\/\/www.todoeldia.com\/index.php\/wp-json\/wp\/v2\/posts\/65838\/revisions\/65840"}],"wp:featuredmedia":[{"embeddable":true,"href":"https:\/\/www.todoeldia.com\/index.php\/wp-json\/wp\/v2\/media\/65839"}],"wp:attachment":[{"href":"https:\/\/www.todoeldia.com\/index.php\/wp-json\/wp\/v2\/media?parent=65838"}],"wp:term":[{"taxonomy":"category","embeddable":true,"href":"https:\/\/www.todoeldia.com\/index.php\/wp-json\/wp\/v2\/categories?post=65838"},{"taxonomy":"post_tag","embeddable":true,"href":"https:\/\/www.todoeldia.com\/index.php\/wp-json\/wp\/v2\/tags?post=65838"}],"curies":[{"name":"wp","href":"https:\/\/api.w.org\/{rel}","templated":true}]}}