{"id":65841,"date":"2023-10-04T10:57:16","date_gmt":"2023-10-04T13:57:16","guid":{"rendered":"https:\/\/www.todoeldia.com\/?p=65841"},"modified":"2023-10-04T10:57:19","modified_gmt":"2023-10-04T13:57:19","slug":"joaquin-furriel-y-guillermina-valdes-confirmaron-su-romance","status":"publish","type":"post","link":"https:\/\/www.todoeldia.com\/index.php\/2023\/10\/04\/joaquin-furriel-y-guillermina-valdes-confirmaron-su-romance\/","title":{"rendered":"Joaqu\u00edn Furriel y Guillermina Vald\u00e9s confirmaron su romance"},"content":{"rendered":"\n<p>El actor y la modelo aseguraron que llevan algunos meses saliendo. \u201cTiene mis mismos valores y eso me gusta mucho\u201d, revel\u00f3 el actor.<\/p>\n\n\n\n<p>Joaqu\u00edn Furriel confirm\u00f3 su romance con Guillermina Vald\u00e9s tras los rumores que circularon en los \u00faltimos d\u00edas. La modelo lleva varios meses separada de Marcelo Tinelli y Yanina Latorre asegur\u00f3 que hab\u00eda comenzado una nueva relaci\u00f3n con el actor.<\/p>\n\n\n\n<p>El actor revel\u00f3 el romance tras los rumores. \u201cEstoy muy bien. Hoy no tengo nada que ocultar, ni tampoco mostrar, y lo hago por una cuesti\u00f3n de salud personal y porque es algo que valoro en la gente\u201d, confes\u00f3 Furriel.<\/p>\n\n\n\n<p>Adem\u00e1s, a\u00f1adi\u00f3 en di\u00e1logo con La Naci\u00f3n que no tiene por qu\u00e9 ocultar su relaci\u00f3n: \u201cTodas las parejas con las que estuve tienen esos mismos valores y he estado con actrices: con Paola (Krum), que es la madre de mi hija, con Eva (De Dominici) y ahora con Guillermina\u201d.<\/p>\n\n\n\n<p>Hace algunos d\u00edas, Yanina Latorre habl\u00f3 sobre el breve romance de Vald\u00e9s con Santi Maratea y asegur\u00f3 que ya hab\u00eda iniciado una relaci\u00f3n con otra persona. \u201cBueno, vamos a contarlo. Est\u00e1 separad\u00edsima de Marcelo Tinelli. Todos los indicios que tuvimos fueron reales, porque Maratea dijo que s\u00ed, con el arquero se acuerdan que la encontramos, Javi Garc\u00eda, que de auto a auto se cambi\u00f3\u201d, inici\u00f3.<\/p>\n\n\n\n<p>Y a\u00f1adi\u00f3 detalles sobre la relaci\u00f3n con Furriel: \u201cEl s\u00e1bado a la tarde, ella sali\u00f3 del departamento de \u00e9l, la vieron y me avisaron. La direcci\u00f3n de \u00e9l no es lejos de donde vive ella\u201d.<\/p>\n\n\n\n<p>La panelista explic\u00f3 detalles sobre la relaci\u00f3n entre Furriel y Guillermina. \u201cPodr\u00edamos calificarlo como romance, visita higi\u00e9nica, se sacan las ganas, encuentros sexuales\u201d, se\u00f1al\u00f3. Adem\u00e1s, asegur\u00f3 que al actor le molesta el \u00e1mbito medi\u00e1tico: \u201cA \u00e9l no le gusta lo medi\u00e1tico, debe estar inc\u00f3modo en este momento\u201d.<\/p>\n","protected":false},"excerpt":{"rendered":"<p>El actor y la modelo aseguraron que llevan algunos meses saliendo. \u201cTiene mis mismos valores y eso me gusta mucho\u201d, revel\u00f3 el actor. Joaqu\u00edn Furriel confirm\u00f3 su romance con Guillermina Vald\u00e9s tras los rumores que circularon en los \u00faltimos d\u00edas. La modelo lleva varios meses separada de Marcelo Tinelli y Yanina Latorre asegur\u00f3 que hab\u00eda [&hellip;]<\/p>\n","protected":false},"author":2,"featured_media":65842,"comment_status":"open","ping_status":"open","sticky":false,"template":"","format":"standard","meta":{"tdm_status":"","tdm_grid_status":"","_joinchat":[],"footnotes":""},"categories":[120],"tags":[],"class_list":{"0":"post-65841","1":"post","2":"type-post","3":"status-publish","4":"format-standard","5":"has-post-thumbnail","7":"category-espectaculos-2"},"amp_enabled":true,"_links":{"self":[{"href":"https:\/\/www.todoeldia.com\/index.php\/wp-json\/wp\/v2\/posts\/65841","targetHints":{"allow":["GET"]}}],"collection":[{"href":"https:\/\/www.todoeldia.com\/index.php\/wp-json\/wp\/v2\/posts"}],"about":[{"href":"https:\/\/www.todoeldia.com\/index.php\/wp-json\/wp\/v2\/types\/post"}],"author":[{"embeddable":true,"href":"https:\/\/www.todoeldia.com\/index.php\/wp-json\/wp\/v2\/users\/2"}],"replies":[{"embeddable":true,"href":"https:\/\/www.todoeldia.com\/index.php\/wp-json\/wp\/v2\/comments?post=65841"}],"version-history":[{"count":1,"href":"https:\/\/www.todoeldia.com\/index.php\/wp-json\/wp\/v2\/posts\/65841\/revisions"}],"predecessor-version":[{"id":65843,"href":"https:\/\/www.todoeldia.com\/index.php\/wp-json\/wp\/v2\/posts\/65841\/revisions\/65843"}],"wp:featuredmedia":[{"embeddable":true,"href":"https:\/\/www.todoeldia.com\/index.php\/wp-json\/wp\/v2\/media\/65842"}],"wp:attachment":[{"href":"https:\/\/www.todoeldia.com\/index.php\/wp-json\/wp\/v2\/media?parent=65841"}],"wp:term":[{"taxonomy":"category","embeddable":true,"href":"https:\/\/www.todoeldia.com\/index.php\/wp-json\/wp\/v2\/categories?post=65841"},{"taxonomy":"post_tag","embeddable":true,"href":"https:\/\/www.todoeldia.com\/index.php\/wp-json\/wp\/v2\/tags?post=65841"}],"curies":[{"name":"wp","href":"https:\/\/api.w.org\/{rel}","templated":true}]}}