{"id":65848,"date":"2023-10-04T12:10:37","date_gmt":"2023-10-04T15:10:37","guid":{"rendered":"https:\/\/www.todoeldia.com\/?p=65848"},"modified":"2023-10-04T12:10:40","modified_gmt":"2023-10-04T15:10:40","slug":"mundial-2030-se-inaugurara-en-argentina-uruguay-y-paraguay-pero-se-jugara-en-europa-y-marruecos","status":"publish","type":"post","link":"https:\/\/www.todoeldia.com\/index.php\/2023\/10\/04\/mundial-2030-se-inaugurara-en-argentina-uruguay-y-paraguay-pero-se-jugara-en-europa-y-marruecos\/","title":{"rendered":"Mundial 2030: se inaugurar\u00e1 en Argentina, Uruguay y Paraguay pero se jugar\u00e1 en Europa y Marruecos"},"content":{"rendered":"\n<p>Alejandro Dom\u00ednguez y la Conmebol hicieron el sorpresivo anuncio.<\/p>\n\n\n\n<p>El mayor tramo del torneo ser\u00e1 en Espa\u00f1a y Portugal, que pugnaban por ser sedes.<\/p>\n\n\n\n<p>&#8220;Van a ser solo 3 partidos en Sudam\u00e9rica&#8221;, explicaron.<\/p>\n\n\n\n<p>El Mundial de f\u00fatbol de 2030 se inaugurar\u00e1 en Argentina, Paraguay y Uruguay, seg\u00fan palabras del presidente de la Conmebol, Alejandro Dom\u00ednguez. El dirigente hizo el anuncio a trav\u00e9s de sus redes sociales celebrando que &#8220;el Mundial Centeanario 2030 comienza donde todo se inici\u00f3&#8221;, a 100 a\u00f1os de Uruguay 1930.<\/p>\n\n\n\n<p>Desde la AFA fueron m\u00e1s all\u00e1 y ya avisaron que &#8220;Argentina jugar\u00e1 de local el primer partido de la fase de grupos del 2030 en su casa y con su gente&#8221;. Seg\u00fan se dio a conocer con el correr de los minutos, el resto de los partidos del Mundial se disputar\u00e1n en Espa\u00f1a, Portugal y Marruecos, que pugnaban por ser sedes.<\/p>\n\n\n\n<p>&#8220;Nuestro pa\u00eds tendr\u00e1 el orgullo de albergar el partido inaugural de Argentina en 2030&#8221;, escribi\u00f3 Chiqui Tapia, quien viaj\u00f3 a Paraguay para estar junto a sus pares de la Conmebol, desde donde hablaron para la prensa.<\/p>\n\n\n\n<p>&#8220;Logramos que Sudam\u00e9rica tenga su Mundial&#8221;, rescat\u00f3 Tapia, quien en su discurso en la Conmebol reconoci\u00f3 las dificultades econ\u00f3micas que planteaba organizar un Mundial en Sudam\u00e9rica, &#8220;especialmente en nuestro pa\u00eds&#8221;, seg\u00fan dijo.<\/p>\n\n\n\n<p>&#8220;Cre\u00edmos en grande&#8221;, celebr\u00f3 Dom\u00ednguez. &#8220;El congreso de la FIFA uni\u00f3 a tres continentes para celebrar el Centenario del Mundial&#8221;, afirm\u00f3 Dom\u00ednguez, haciendo referencia a Am\u00e9rica, Europa y \u00c1frica. &#8220;Van a ser tres partidos, que van a ser partidos inolvidables&#8221;, avis\u00f3.<\/p>\n\n\n\n<p>De esta manera, y mientras se juegan las Eliminatorias para el Mundial 2026, Argentina ya sabe que tiene su pasaje asegurado para la competencia del a\u00f1o 2030, en la que tambi\u00e9n estar\u00edan Paraguay, Uruguay, \u00bfEspa\u00f1a, Portugal y Marruecos?<\/p>\n\n\n\n<p>&#8220;Las tres selecciones ya estamos clasificadas&#8221;, celebr\u00f3 Robert Harrison, presidente de la Asociaci\u00f3n Paraguaya de F\u00fatbol. Vale recordar que el conjunto guaran\u00ed no disputa un certamen ecum\u00e9nico desde el a\u00f1o 2010 y que nunca fue sede de un Mundial, algo con lo que s\u00ed contaron Argentina en 1978 y Uruguay en 1930.<\/p>\n\n\n\n<p>Espa\u00f1a y Portugal ven\u00edan pugnando desde hace a\u00f1os por la chance de ser sedes del Mundial en 2030. Primero sumaron a su iniciativa a Ucrania para dejar un mensaje antib\u00e9lico en medio de la guerra con Rusia, y luego optaron por incluir a Marruecos, en una idea de integraci\u00f3n regional. Todav\u00eda no hay informaci\u00f3n oficial sobre lo que pasar\u00e1 en esos pa\u00edses ni el protagonismo que tendr\u00e1 el pa\u00eds africano en la competici\u00f3n.<\/p>\n\n\n\n<p>De esta manera, y a la espera de m\u00e1s confirmaciones, la FIFA le estar\u00eda dando una salida elegante al conflicto que se le avecinaba para definir qui\u00e9n se har\u00eda cargo del Mundial 2030.<\/p>\n\n\n\n<p>Sudam\u00e9rica impulsaba un argumento m\u00e1s nost\u00e1lgico, a 100 a\u00f1os del primer Mundial, mientras que desde Europa, con la UEFA al mando, contaban con el poder\u00edo econ\u00f3mico pero tambi\u00e9n con los votos de las otras confederaciones, cuando en 2030 se cumplir\u00e1n 24 a\u00f1os del \u00faltimo Mundial organizado en ese continente, Alemania 2006, si no se tiene en cuenta el antecedente de Rusia 2018.<\/p>\n","protected":false},"excerpt":{"rendered":"<p>Alejandro Dom\u00ednguez y la Conmebol hicieron el sorpresivo anuncio. El mayor tramo del torneo ser\u00e1 en Espa\u00f1a y Portugal, que pugnaban por ser sedes. &#8220;Van a ser solo 3 partidos en Sudam\u00e9rica&#8221;, explicaron. El Mundial de f\u00fatbol de 2030 se inaugurar\u00e1 en Argentina, Paraguay y Uruguay, seg\u00fan palabras del presidente de la Conmebol, Alejandro Dom\u00ednguez. [&hellip;]<\/p>\n","protected":false},"author":2,"featured_media":65849,"comment_status":"open","ping_status":"open","sticky":false,"template":"","format":"standard","meta":{"tdm_status":"","tdm_grid_status":"","_joinchat":[],"footnotes":""},"categories":[62],"tags":[],"class_list":{"0":"post-65848","1":"post","2":"type-post","3":"status-publish","4":"format-standard","5":"has-post-thumbnail","7":"category-deportes"},"amp_enabled":true,"_links":{"self":[{"href":"https:\/\/www.todoeldia.com\/index.php\/wp-json\/wp\/v2\/posts\/65848","targetHints":{"allow":["GET"]}}],"collection":[{"href":"https:\/\/www.todoeldia.com\/index.php\/wp-json\/wp\/v2\/posts"}],"about":[{"href":"https:\/\/www.todoeldia.com\/index.php\/wp-json\/wp\/v2\/types\/post"}],"author":[{"embeddable":true,"href":"https:\/\/www.todoeldia.com\/index.php\/wp-json\/wp\/v2\/users\/2"}],"replies":[{"embeddable":true,"href":"https:\/\/www.todoeldia.com\/index.php\/wp-json\/wp\/v2\/comments?post=65848"}],"version-history":[{"count":1,"href":"https:\/\/www.todoeldia.com\/index.php\/wp-json\/wp\/v2\/posts\/65848\/revisions"}],"predecessor-version":[{"id":65850,"href":"https:\/\/www.todoeldia.com\/index.php\/wp-json\/wp\/v2\/posts\/65848\/revisions\/65850"}],"wp:featuredmedia":[{"embeddable":true,"href":"https:\/\/www.todoeldia.com\/index.php\/wp-json\/wp\/v2\/media\/65849"}],"wp:attachment":[{"href":"https:\/\/www.todoeldia.com\/index.php\/wp-json\/wp\/v2\/media?parent=65848"}],"wp:term":[{"taxonomy":"category","embeddable":true,"href":"https:\/\/www.todoeldia.com\/index.php\/wp-json\/wp\/v2\/categories?post=65848"},{"taxonomy":"post_tag","embeddable":true,"href":"https:\/\/www.todoeldia.com\/index.php\/wp-json\/wp\/v2\/tags?post=65848"}],"curies":[{"name":"wp","href":"https:\/\/api.w.org\/{rel}","templated":true}]}}