{"id":65851,"date":"2023-10-04T12:23:48","date_gmt":"2023-10-04T15:23:48","guid":{"rendered":"https:\/\/www.todoeldia.com\/?p=65851"},"modified":"2023-10-04T12:23:51","modified_gmt":"2023-10-04T15:23:51","slug":"6-meses-de-prision-por-golpear-y-morder-a-su-ex-pareja","status":"publish","type":"post","link":"https:\/\/www.todoeldia.com\/index.php\/2023\/10\/04\/6-meses-de-prision-por-golpear-y-morder-a-su-ex-pareja\/","title":{"rendered":"6 meses de prision por golpear y morder a su ex pareja"},"content":{"rendered":"\n<p>En una audiencia flexible y multiprop\u00f3sito, un hombre fue condenado a la pena de seis meses de prisi\u00f3n de ejecuci\u00f3n efectiva.<\/p>\n\n\n\n<p>En ese acto la fiscal\u00eda y la defensa expusieron a la jueza de Garant\u00edas 8, Claudia Puertas, el acuerdo de juicio abreviado al que hab\u00edan arribado, y solicitaron la acumulaci\u00f3n de dos causas seguidas contra el hombre, por lo que fue condenado por ser autor de los delitos de lesiones leves agravadas por la relaci\u00f3n de pareja preexistente y por mediar violencia de g\u00e9nero y desobediencia judicial en concurso real.<\/p>\n\n\n\n<p>Ser\u00e1 trasladado a la Unidad Carcelaria 1 de Villa Las Rosas, donde continuar\u00e1 detenido hasta cumplir la pena impuesta.<\/p>\n\n\n\n<p>Fue denunciado en la subcomisar\u00eda de Los \u00c1lamos por su expareja, de quien se encuentra separado hace siete meses. Con ella tiene dos hijos en com\u00fan.<\/p>\n\n\n\n<p>La mujer cont\u00f3 que ya lo hab\u00eda denunciado anteriormente, y que se hab\u00edan dictado medidas cautelares, entre las que se le prohibi\u00f3 el acercamiento. Agreg\u00f3 que el d\u00eda del hecho eran cerca de las 6 de la ma\u00f1ana cuando iba con su actual pareja a comprar bebidas alcoh\u00f3licas en un local del barrio Democracia. \u00c9l estaba con un grupo de amigos, y al advertir su presencia comenz\u00f3 a perseguir a su pareja para agredirlo.<\/p>\n\n\n\n<p>Como no logr\u00f3 alcanzarlo, el imputado volvi\u00f3 y la golpe\u00f3 a ella y la mordi\u00f3 en el brazo izquierdo. Luego se dio a la fuga.<\/p>\n","protected":false},"excerpt":{"rendered":"<p>En una audiencia flexible y multiprop\u00f3sito, un hombre fue condenado a la pena de seis meses de prisi\u00f3n de ejecuci\u00f3n efectiva. En ese acto la fiscal\u00eda y la defensa expusieron a la jueza de Garant\u00edas 8, Claudia Puertas, el acuerdo de juicio abreviado al que hab\u00edan arribado, y solicitaron la acumulaci\u00f3n de dos causas seguidas [&hellip;]<\/p>\n","protected":false},"author":2,"featured_media":65852,"comment_status":"open","ping_status":"open","sticky":false,"template":"","format":"standard","meta":{"tdm_status":"","tdm_grid_status":"","_joinchat":[],"footnotes":""},"categories":[63],"tags":[],"class_list":{"0":"post-65851","1":"post","2":"type-post","3":"status-publish","4":"format-standard","5":"has-post-thumbnail","7":"category-policiales"},"amp_enabled":true,"_links":{"self":[{"href":"https:\/\/www.todoeldia.com\/index.php\/wp-json\/wp\/v2\/posts\/65851","targetHints":{"allow":["GET"]}}],"collection":[{"href":"https:\/\/www.todoeldia.com\/index.php\/wp-json\/wp\/v2\/posts"}],"about":[{"href":"https:\/\/www.todoeldia.com\/index.php\/wp-json\/wp\/v2\/types\/post"}],"author":[{"embeddable":true,"href":"https:\/\/www.todoeldia.com\/index.php\/wp-json\/wp\/v2\/users\/2"}],"replies":[{"embeddable":true,"href":"https:\/\/www.todoeldia.com\/index.php\/wp-json\/wp\/v2\/comments?post=65851"}],"version-history":[{"count":1,"href":"https:\/\/www.todoeldia.com\/index.php\/wp-json\/wp\/v2\/posts\/65851\/revisions"}],"predecessor-version":[{"id":65853,"href":"https:\/\/www.todoeldia.com\/index.php\/wp-json\/wp\/v2\/posts\/65851\/revisions\/65853"}],"wp:featuredmedia":[{"embeddable":true,"href":"https:\/\/www.todoeldia.com\/index.php\/wp-json\/wp\/v2\/media\/65852"}],"wp:attachment":[{"href":"https:\/\/www.todoeldia.com\/index.php\/wp-json\/wp\/v2\/media?parent=65851"}],"wp:term":[{"taxonomy":"category","embeddable":true,"href":"https:\/\/www.todoeldia.com\/index.php\/wp-json\/wp\/v2\/categories?post=65851"},{"taxonomy":"post_tag","embeddable":true,"href":"https:\/\/www.todoeldia.com\/index.php\/wp-json\/wp\/v2\/tags?post=65851"}],"curies":[{"name":"wp","href":"https:\/\/api.w.org\/{rel}","templated":true}]}}