{"id":65872,"date":"2023-10-04T14:32:54","date_gmt":"2023-10-04T17:32:54","guid":{"rendered":"https:\/\/www.todoeldia.com\/?p=65872"},"modified":"2023-10-04T14:32:56","modified_gmt":"2023-10-04T17:32:56","slug":"en-diciembre-estara-listo-para-funcionar-el-sistema-del-tren-turistico-y-solar-de-la-quebrada-en-jujuy","status":"publish","type":"post","link":"https:\/\/www.todoeldia.com\/index.php\/2023\/10\/04\/en-diciembre-estara-listo-para-funcionar-el-sistema-del-tren-turistico-y-solar-de-la-quebrada-en-jujuy\/","title":{"rendered":"En diciembre estar\u00e1 listo para funcionar el sistema del tren tur\u00edstico y solar de la Quebrada en Jujuy"},"content":{"rendered":"\n<p>El gobernador de Jujuy, Gerardo Morales, anunci\u00f3 que se prev\u00e9 que en los primeros d\u00edas de diciembre pr\u00f3ximo estar\u00e1 en funcionamiento el tren solar de la Quebrada. As\u00ed lo hizo saber durante la presentaci\u00f3n del tren tur\u00edstico 100% sustentable que tuvo lugar en la Feria Internacional de Turismo de Buenos Aires (FIT), en cuyo marco tambi\u00e9n confirm\u00f3 que las dos duplas adquiridas en China ya navegan en viaje con destino a nuestro pa\u00eds.<\/p>\n\n\n\n<p>Cabe destacar que, por sus caracter\u00edsticas de autosustentabilidad, el tren tur\u00edstico de la Quebrada es el primero en su tipo en Latinoam\u00e9rica. Se trata de dos duplas que transportar\u00e1n a 72 pasajeros, los que disfrutar\u00e1n de los incomparables paisajes y el patrimonio hist\u00f3rico y cultural de Volc\u00e1n, Tumbaya, Maimar\u00e1, Purmamarca y Tilcara, con miras a restablecer la conexi\u00f3n ferroviaria con Bolivia.<\/p>\n\n\n\n<p>Adem\u00e1s de reafirmar la concepci\u00f3n de &#8220;Jujuy provincia verde y el compromiso con la lucha contra el cambio clim\u00e1tico&#8221;, el gobernador record\u00f3 que &#8220;este proyecto naci\u00f3 desde la intenci\u00f3n de conectar San Salvador de Jujuy y La Quiaca a trav\u00e9s de 300 kil\u00f3metros de v\u00edas y desde all\u00ed llegar hasta Bolivia, que es un objetivo ambicioso&#8221; y apunt\u00f3 que &#8220;decidimos comenzar por partes y tomamos 45 kil\u00f3metros como inicio para el tren tur\u00edstico&#8221;.<\/p>\n\n\n\n<p>&#8220;Comenzamos en Volc\u00e1n para llegar a Tilcara en una primera fase y, con posterioridad, haremos el tramo Tilcara &#8211; Humahuaca con otros 45 kil\u00f3metros. As\u00ed llegar\u00e1 el turno del segmento Humahuaca &#8211; Villaz\u00f3n, de la mano de la nueva gesti\u00f3n de gobierno que conducir\u00e1 Carlos Sadir&#8221;.<\/p>\n\n\n\n<p>Resalt\u00f3 que &#8220;las v\u00edas est\u00e1n casi listas&#8221; e indic\u00f3 que &#8220;ya inauguramos la estaci\u00f3n de Volc\u00e1n y nos encontramos muy pr\u00f3ximos a inaugurar las estaciones de Tumbaya, Purmamarca, Maimar\u00e1 y Tilcara&#8221;. Asimismo, precis\u00f3 que se dispondr\u00e1 de una estaci\u00f3n de recarga solar de 6 Mw que estar\u00e1 emplazada en Humahuaca.<\/p>\n\n\n\n<p>En otro orden, Morales enfatiz\u00f3 que los trenes comprados en China a la compa\u00f1\u00eda CRRC &#8220;ya est\u00e1n en viaje hacia el puerto de Z\u00e1rate&#8221; y coment\u00f3 las complicaciones que debi\u00f3 superar para conseguir una empresa que construya duplas de trocha angosta, movilizado con energ\u00eda solar y sistema de acumulaci\u00f3n en base a bater\u00edas de litio, las cuales deben ser recargadas en cada estaci\u00f3n con energ\u00eda fotovoltaica.<\/p>\n\n\n\n<p>Estim\u00f3 que entre el 15 y el 20 de noviembre los trenes estar\u00e1n en Jujuy para inaugurar los primeros d\u00edas de diciembre. Por otra parte, hizo especial referencia al proyecto de construcci\u00f3n de una estaci\u00f3n de tren en cercan\u00edas del Aeropuerto Internacional Jujuy &#8220;Horacio Guzm\u00e1n&#8221;, para lo cual se prev\u00e9 el tendido de v\u00edas hasta ciudad Perico y desde all\u00ed hasta San Salvador de Jujuy.<\/p>\n\n\n\n<p>&#8220;El servicio se cubrir\u00e1 con tres duplas m\u00e1s, las que est\u00e1n contempladas en el contrato de compra celebrado con CRRC&#8221;, subray\u00f3 finalmente.<\/p>\n","protected":false},"excerpt":{"rendered":"<p>El gobernador de Jujuy, Gerardo Morales, anunci\u00f3 que se prev\u00e9 que en los primeros d\u00edas de diciembre pr\u00f3ximo estar\u00e1 en funcionamiento el tren solar de la Quebrada. As\u00ed lo hizo saber durante la presentaci\u00f3n del tren tur\u00edstico 100% sustentable que tuvo lugar en la Feria Internacional de Turismo de Buenos Aires (FIT), en cuyo marco [&hellip;]<\/p>\n","protected":false},"author":2,"featured_media":65873,"comment_status":"open","ping_status":"open","sticky":false,"template":"","format":"standard","meta":{"tdm_status":"","tdm_grid_status":"","_joinchat":[],"footnotes":""},"categories":[73],"tags":[],"class_list":{"0":"post-65872","1":"post","2":"type-post","3":"status-publish","4":"format-standard","5":"has-post-thumbnail","7":"category-noticias-general"},"amp_enabled":true,"_links":{"self":[{"href":"https:\/\/www.todoeldia.com\/index.php\/wp-json\/wp\/v2\/posts\/65872","targetHints":{"allow":["GET"]}}],"collection":[{"href":"https:\/\/www.todoeldia.com\/index.php\/wp-json\/wp\/v2\/posts"}],"about":[{"href":"https:\/\/www.todoeldia.com\/index.php\/wp-json\/wp\/v2\/types\/post"}],"author":[{"embeddable":true,"href":"https:\/\/www.todoeldia.com\/index.php\/wp-json\/wp\/v2\/users\/2"}],"replies":[{"embeddable":true,"href":"https:\/\/www.todoeldia.com\/index.php\/wp-json\/wp\/v2\/comments?post=65872"}],"version-history":[{"count":1,"href":"https:\/\/www.todoeldia.com\/index.php\/wp-json\/wp\/v2\/posts\/65872\/revisions"}],"predecessor-version":[{"id":65874,"href":"https:\/\/www.todoeldia.com\/index.php\/wp-json\/wp\/v2\/posts\/65872\/revisions\/65874"}],"wp:featuredmedia":[{"embeddable":true,"href":"https:\/\/www.todoeldia.com\/index.php\/wp-json\/wp\/v2\/media\/65873"}],"wp:attachment":[{"href":"https:\/\/www.todoeldia.com\/index.php\/wp-json\/wp\/v2\/media?parent=65872"}],"wp:term":[{"taxonomy":"category","embeddable":true,"href":"https:\/\/www.todoeldia.com\/index.php\/wp-json\/wp\/v2\/categories?post=65872"},{"taxonomy":"post_tag","embeddable":true,"href":"https:\/\/www.todoeldia.com\/index.php\/wp-json\/wp\/v2\/tags?post=65872"}],"curies":[{"name":"wp","href":"https:\/\/api.w.org\/{rel}","templated":true}]}}