{"id":65875,"date":"2023-10-04T14:43:52","date_gmt":"2023-10-04T17:43:52","guid":{"rendered":"https:\/\/www.todoeldia.com\/?p=65875"},"modified":"2023-10-04T14:46:01","modified_gmt":"2023-10-04T17:46:01","slug":"bodegas-en-caida-libre-113-millones-de-litros-de-vino-menos-se-vendieron-en-los-primeros-ocho-meses-de-este-ano","status":"publish","type":"post","link":"https:\/\/www.todoeldia.com\/index.php\/2023\/10\/04\/bodegas-en-caida-libre-113-millones-de-litros-de-vino-menos-se-vendieron-en-los-primeros-ocho-meses-de-este-ano\/","title":{"rendered":"Bodegas en ca\u00edda libre: se dejaron de vender 113 millones de litros de vino en los primeros ocho meses de este a\u00f1o"},"content":{"rendered":"\n<p>Las contingencias clim\u00e1ticas condujeron a una de las peores cosechas de la historia. A la falta de volumen, se sum\u00f3 la menor demanda por la p\u00e9rdida del poder adquisitivo de los salarios.<\/p>\n\n\n\n<p>Las bodegas argentinas est\u00e1n pasando una muy mala temporada. Sus ventas se desploman dentro y fuera del pa\u00eds, y s\u00f3lo la mejora de los precios internacionales permite atenuar el impacto de la ca\u00edda.<\/p>\n\n\n\n<p>En exportaciones, seg\u00fan datos publicados por el Instituto Nacional de Vitivinicultura (INV), las ventas de vinos embotellados acumulan una fuerte baja del 21,7% en los primeros ocho meses del a\u00f1o.<\/p>\n\n\n\n<p>En detalle, en los primeros ocho meses del 2022 las empresas locales enviaron al exterior 129,8 millones de litros de vino en botella, mientras que en igual per\u00edodo de este a\u00f1o exportaron 101,6 millones de litros en ese formato. Eso significa que en un a\u00f1o dejaron de vender 28,2 millones de litros de vino a los dem\u00e1s pa\u00edses.<\/p>\n\n\n\n<figure class=\"wp-block-image size-full is-resized\"><img loading=\"lazy\" decoding=\"async\" src=\"https:\/\/www.todoeldia.com\/wp-content\/uploads\/2021\/04\/Virginia-Toranzos-en-las-32-hectareas-usurpadas-por-Pernod-Ricard.jpg\" alt=\"\" class=\"wp-image-21517\" style=\"width:1070px;height:474px\" width=\"1070\" height=\"474\"\/><figcaption class=\"wp-element-caption\">La Jueza Mar\u00eda Virginia Toranzos verifica la plantaci\u00f3n y explotaci\u00f3n ilegal de vi\u00f1edos por parte de la empresa usurpadora.\n\n<\/figcaption><\/figure>\n\n\n\n<p>Esa diferencia se tradujo en una ca\u00edda de USD 94 millones para las bodegas exportadoras. Las firmas locales facturaron USD 529,8 millones en los primeros ocho meses de 2022 y registraron ventas por USD 435,8 millones en igual per\u00edodo de este a\u00f1o (-17,7%). La ca\u00edda pudo ser peor, pero el mal desempe\u00f1o del sector vitivin\u00edcola se vio en parte compensado por la mejora de los precios internacionales. En el promedio enero-agosto, el valor medio de d\u00f3lares por litro mejor\u00f3 de USD 3,86 a USD 4,23.<\/p>\n\n\n\n<p>Sin respuesta en el interior<\/p>\n\n\n\n<p>Los n\u00fameros del mercado externo muestran una ca\u00edda contundente, pero en lo que a volumen se refiere, es la baja de las ventas en el mercado interno la que realmente marca la diferencia. Si bien la retracci\u00f3n de los primeros ocho meses del a\u00f1o fue menor en t\u00e9rminos porcentuales (-13,1%), las estad\u00edsticas publicadas por el INV revelan una baja de 340,6 millones de litros de vino embotellado vendidos entre enero y agosto del 2022 a 296,1 millones comercializados en el mismo per\u00edodo del 2023. La diferencia, entonces, fue de 44,5 millones de litros.<\/p>\n\n\n\n<p>A diferencia de otros a\u00f1os, las bodegas no encontraron alivio en el tetrabrik, el segundo envase m\u00e1s vendido del mercado interno. Por el contrario, las estad\u00edsticas muestran una baja del 8,9% en el volumen vendido del vino en cart\u00f3n, lo que se traduce en otros 16,8 millones de litros que se dejaron de vender entre un a\u00f1o y otro.<\/p>\n\n\n\n<p>En total, considerando todos los productos vitivin\u00edcolas y sumando tanto las ventas al interior como al exterior, el sector vitivin\u00edcola dej\u00f3 de vender 113,5 millones de litros de vino en los primeros ocho meses de este a\u00f1o.<\/p>\n\n\n\n<p>Menos volumen, menos ventas<\/p>\n\n\n\n<figure class=\"wp-block-image size-full\"><img loading=\"lazy\" decoding=\"async\" width=\"1024\" height=\"588\" src=\"https:\/\/www.todoeldia.com\/wp-content\/uploads\/2023\/10\/image-47.png\" alt=\"\" class=\"wp-image-65879\" srcset=\"https:\/\/www.todoeldia.com\/wp-content\/uploads\/2023\/10\/image-47.png 1024w, https:\/\/www.todoeldia.com\/wp-content\/uploads\/2023\/10\/image-47-300x172.png 300w, https:\/\/www.todoeldia.com\/wp-content\/uploads\/2023\/10\/image-47-768x441.png 768w, https:\/\/www.todoeldia.com\/wp-content\/uploads\/2023\/10\/image-47-696x400.png 696w, https:\/\/www.todoeldia.com\/wp-content\/uploads\/2023\/10\/image-47-731x420.png 731w\" sizes=\"auto, (max-width: 1024px) 100vw, 1024px\" \/><\/figure>\n\n\n\n<p>Son varios los factores que condicionan el presente de la vitivinicultura argentina. Sin ninguna duda, uno de los m\u00e1s relevantes es la poca cantidad de vino que se produjo durante este a\u00f1o, producto de la mala cosecha. De acuerdo a los n\u00fameros del INV, la temporada 2023 fue una de las peores de la historia en t\u00e9rminos de volumen.<\/p>\n\n\n\n<p>Los vi\u00f1edos se vieron afectados por la falta de lluvias, como muchos otros productos del agro, pero tambi\u00e9n soportaron olas de calor extremas, heladas y fuertes tormentas de granizo a pocos d\u00edas de la cosecha. La merma se tradujo por supuesto en menos uva y menos vino en el mercado.<\/p>\n\n\n\n<p>La baja oferta, a su vez, aceler\u00f3 el ritmo de aumentos de precios. De hecho, el Indec inform\u00f3 que el litro de vino com\u00fan aument\u00f3 un 88% en los primeros ocho meses del a\u00f1o, es decir 7,8 puntos porcentuales m\u00e1s que la inflaci\u00f3n promedio (80,2%). Tambi\u00e9n acumula una suba superior en el acumulado de los \u00faltimos doce meses (139% contra 124,4% del IPC).<\/p>\n","protected":false},"excerpt":{"rendered":"<p>Las contingencias clim\u00e1ticas condujeron a una de las peores cosechas de la historia. A la falta de volumen, se sum\u00f3 la menor demanda por la p\u00e9rdida del poder adquisitivo de los salarios. Las bodegas argentinas est\u00e1n pasando una muy mala temporada. Sus ventas se desploman dentro y fuera del pa\u00eds, y s\u00f3lo la mejora de [&hellip;]<\/p>\n","protected":false},"author":2,"featured_media":65876,"comment_status":"open","ping_status":"open","sticky":false,"template":"","format":"standard","meta":{"tdm_status":"","tdm_grid_status":"","_joinchat":[],"footnotes":""},"categories":[60],"tags":[],"class_list":{"0":"post-65875","1":"post","2":"type-post","3":"status-publish","4":"format-standard","5":"has-post-thumbnail","7":"category-economia"},"amp_enabled":true,"_links":{"self":[{"href":"https:\/\/www.todoeldia.com\/index.php\/wp-json\/wp\/v2\/posts\/65875","targetHints":{"allow":["GET"]}}],"collection":[{"href":"https:\/\/www.todoeldia.com\/index.php\/wp-json\/wp\/v2\/posts"}],"about":[{"href":"https:\/\/www.todoeldia.com\/index.php\/wp-json\/wp\/v2\/types\/post"}],"author":[{"embeddable":true,"href":"https:\/\/www.todoeldia.com\/index.php\/wp-json\/wp\/v2\/users\/2"}],"replies":[{"embeddable":true,"href":"https:\/\/www.todoeldia.com\/index.php\/wp-json\/wp\/v2\/comments?post=65875"}],"version-history":[{"count":3,"href":"https:\/\/www.todoeldia.com\/index.php\/wp-json\/wp\/v2\/posts\/65875\/revisions"}],"predecessor-version":[{"id":65882,"href":"https:\/\/www.todoeldia.com\/index.php\/wp-json\/wp\/v2\/posts\/65875\/revisions\/65882"}],"wp:featuredmedia":[{"embeddable":true,"href":"https:\/\/www.todoeldia.com\/index.php\/wp-json\/wp\/v2\/media\/65876"}],"wp:attachment":[{"href":"https:\/\/www.todoeldia.com\/index.php\/wp-json\/wp\/v2\/media?parent=65875"}],"wp:term":[{"taxonomy":"category","embeddable":true,"href":"https:\/\/www.todoeldia.com\/index.php\/wp-json\/wp\/v2\/categories?post=65875"},{"taxonomy":"post_tag","embeddable":true,"href":"https:\/\/www.todoeldia.com\/index.php\/wp-json\/wp\/v2\/tags?post=65875"}],"curies":[{"name":"wp","href":"https:\/\/api.w.org\/{rel}","templated":true}]}}