{"id":65883,"date":"2023-10-04T14:56:53","date_gmt":"2023-10-04T17:56:53","guid":{"rendered":"https:\/\/www.todoeldia.com\/?p=65883"},"modified":"2023-10-04T15:00:20","modified_gmt":"2023-10-04T18:00:20","slug":"trabajadores-denuncian-que-en-metan-las-obras-municipales-las-hacen-empresas-privadas","status":"publish","type":"post","link":"https:\/\/www.todoeldia.com\/index.php\/2023\/10\/04\/trabajadores-denuncian-que-en-metan-las-obras-municipales-las-hacen-empresas-privadas\/","title":{"rendered":"Trabajadores denuncian que en Met\u00e1n las obras municipales las hacen empresas privadas"},"content":{"rendered":"\n<p>Un grupo de trabajadores y obreros desde horas muy tempranas se reunieron sobre Avenida Costanera para posterior ingresar a la ruta 9\/34 y realizar cortes pertinentes a modo de reclamo. El acceso norte de la ciudad a la altura del puente del Rio Conchas se ve afectado debido al corte vehicular por parte de los manifestantes con un tiempo estimado de 15 a 20 minutos.<\/p>\n\n\n\n<p>Seg\u00fan el relato de uno de los manifestantes el reclamo es contra el municipio debido a las obras que se ejecutan en la ciudad asegurando que, &#8220;el municipio no cumple con las ordenanzas, no respeta la mano de obra local, ya que en varias oportunidades vino gente de afuera a trabajar, o en otros casos las obras siempre terminan siendo para los mismo dejando a muchos trabajadores sin la oportunidad de ganarse el peso diario&#8221;.<\/p>\n\n\n\n<p>A su vez agreg\u00f3 que trabajadores afiliados a la UOCRA estar\u00edan acompa\u00f1ando la manifestaci\u00f3n debido a la no representaci\u00f3n por parte del gremio. &#8220;Hay compa\u00f1eros de la UOCRA que nos vinieron a acompa\u00f1ar, porque no se sienten representados ni amparados por el gremio&#8221;.<\/p>\n\n\n\n<p>&#8220;Le pedimos disculpas a la gente, sabemos que se pueden molestar, pero esta es nuestra forma de ser escuchados. La modalidad es la misma de siempre, entramos a la ruta entre 15 a 20 minutos y el mismo tiempo queda liberada&#8221; coment\u00f3 el manifestante.&nbsp;&nbsp;<\/p>\n\n\n\n<p>El Vocero de Metan<\/p>\n","protected":false},"excerpt":{"rendered":"<p>Un grupo de trabajadores y obreros desde horas muy tempranas se reunieron sobre Avenida Costanera para posterior ingresar a la ruta 9\/34 y realizar cortes pertinentes a modo de reclamo. El acceso norte de la ciudad a la altura del puente del Rio Conchas se ve afectado debido al corte vehicular por parte de los [&hellip;]<\/p>\n","protected":false},"author":2,"featured_media":65884,"comment_status":"open","ping_status":"open","sticky":false,"template":"","format":"standard","meta":{"tdm_status":"","tdm_grid_status":"","_joinchat":[],"footnotes":""},"categories":[73],"tags":[],"class_list":{"0":"post-65883","1":"post","2":"type-post","3":"status-publish","4":"format-standard","5":"has-post-thumbnail","7":"category-noticias-general"},"amp_enabled":true,"_links":{"self":[{"href":"https:\/\/www.todoeldia.com\/index.php\/wp-json\/wp\/v2\/posts\/65883","targetHints":{"allow":["GET"]}}],"collection":[{"href":"https:\/\/www.todoeldia.com\/index.php\/wp-json\/wp\/v2\/posts"}],"about":[{"href":"https:\/\/www.todoeldia.com\/index.php\/wp-json\/wp\/v2\/types\/post"}],"author":[{"embeddable":true,"href":"https:\/\/www.todoeldia.com\/index.php\/wp-json\/wp\/v2\/users\/2"}],"replies":[{"embeddable":true,"href":"https:\/\/www.todoeldia.com\/index.php\/wp-json\/wp\/v2\/comments?post=65883"}],"version-history":[{"count":1,"href":"https:\/\/www.todoeldia.com\/index.php\/wp-json\/wp\/v2\/posts\/65883\/revisions"}],"predecessor-version":[{"id":65885,"href":"https:\/\/www.todoeldia.com\/index.php\/wp-json\/wp\/v2\/posts\/65883\/revisions\/65885"}],"wp:featuredmedia":[{"embeddable":true,"href":"https:\/\/www.todoeldia.com\/index.php\/wp-json\/wp\/v2\/media\/65884"}],"wp:attachment":[{"href":"https:\/\/www.todoeldia.com\/index.php\/wp-json\/wp\/v2\/media?parent=65883"}],"wp:term":[{"taxonomy":"category","embeddable":true,"href":"https:\/\/www.todoeldia.com\/index.php\/wp-json\/wp\/v2\/categories?post=65883"},{"taxonomy":"post_tag","embeddable":true,"href":"https:\/\/www.todoeldia.com\/index.php\/wp-json\/wp\/v2\/tags?post=65883"}],"curies":[{"name":"wp","href":"https:\/\/api.w.org\/{rel}","templated":true}]}}