{"id":65893,"date":"2023-10-04T18:54:27","date_gmt":"2023-10-04T21:54:27","guid":{"rendered":"https:\/\/www.todoeldia.com\/?p=65893"},"modified":"2023-10-04T18:54:29","modified_gmt":"2023-10-04T21:54:29","slug":"la-conocio-en-una-clase-de-baile-la-invito-a-un-bar-quedo-inconsciente-y-la-violo","status":"publish","type":"post","link":"https:\/\/www.todoeldia.com\/index.php\/2023\/10\/04\/la-conocio-en-una-clase-de-baile-la-invito-a-un-bar-quedo-inconsciente-y-la-violo\/","title":{"rendered":"La conoci\u00f3 en una clase de baile, la invit\u00f3 a un bar, qued\u00f3 inconsciente y la viol\u00f3"},"content":{"rendered":"\n<p>La madrugada del 11 de noviembre de 2022, el ahora condenado abus\u00f3 de la joven mujer, despu\u00e9s de haberla invitado a beber a un bar. Ella perdi\u00f3 el conocimiento y fue despertada por su madre en una vereda cercana a su domicilio, con lesiones en su cuerpo.<\/p>\n\n\n\n<p>El fiscal penal 2 de la Unidad de Delitos Contra la Integridad Sexual (UDIS), Rodrigo Gonz\u00e1lez Miralpeix, represent\u00f3 al Ministerio P\u00fablico Fiscal en la audiencia de debate contra un hombre de 40 a\u00f1os, como autor del delito de abuso sexual gravemente ultrajante por las circunstancias de realizaci\u00f3n.<\/p>\n\n\n\n<p>La v\u00edctima denunci\u00f3 que el 11 de noviembre de 2022 hab\u00eda concurrido a un gimnasio para tomar una clase de baile. Al salir, alrededor de las 23:30, se dirigi\u00f3 por avenida San Mart\u00edn a tomar el colectivo. En el camino se encontr\u00f3 con el acusado, quien hab\u00eda concurrido a tomar la misma clase de baile y la damnificada le pidi\u00f3 que la acercara hasta el Telef\u00e9rico en su motocicleta. En el camino, \u00e9ste la invit\u00f3 a tomar algo a un bar, a lo que la mujer accedi\u00f3.<\/p>\n\n\n\n<p>Alrededor de la 1 de la madrugada, la mujer perdi\u00f3 el conocimiento seg\u00fan declar\u00f3, y tres horas m\u00e1s tarde fue despertada por su madre, tendida en una vereda a unos metros de su casa. De inmediato, la trasladaron al Hospital San Bernardo.<\/p>\n\n\n\n<p>De vuelta en su domicilio, la damnificada observ\u00f3 que ten\u00eda moretones en distintas partes del cuerpo, marcas de mordeduras y hematomas en el cuello.<\/p>\n\n\n\n<p>Ante ello, decidi\u00f3 realizar consulta m\u00e9dica y, luego result\u00f3 revisada por un m\u00e9dico legal del Cuerpo de Investigaciones Fiscales (CIF) quien, en su informe, dej\u00f3 asentado que la mujer presentaba lesiones compatibles con traumatismo al golpearse o ser golpeada con o contra un elemento o superficie dura o compresi\u00f3n digital, otras lesiones por posible sugilaci\u00f3n (succi\u00f3n) y lesiones compatibles con traumatismo, provocado, probablemente, por el borde libre de las u\u00f1as.<\/p>\n\n\n\n<p>D\u00edas despu\u00e9s, la v\u00edctima se encontraba en inmediaciones del mercado San Miguel junto a su hermana, y se encontr\u00f3 con el acusado, situaci\u00f3n que la puso nerviosa. El hombre camin\u00f3 junto a ellas hasta que se alej\u00f3. Fue ah\u00ed que la mujer busc\u00f3 ayuda policial para ir en busca del hombre de 40 a\u00f1os.<\/p>\n\n\n\n<p>En los fundamentos del requerimiento a juicio elevado por el fiscal Gonz\u00e1lez Miralpeix, se expresa que el acusado transgredi\u00f3 la integridad sexual de la damnificada, accedi\u00e9ndola carnalmente. Sostuvo, adem\u00e1s, que la damnificada fue coherente en su relato tanto al denunciar, como al relatarlo a los testigos en el sentido de cu\u00e1l fue su itinerario esa noche y c\u00f3mo, tras ingerir alcohol, perdi\u00f3 el conocimiento mientras estaba con el acusado, para luego aparecer tendida en la vereda, en cercan\u00edas de su domicilio, percibiendo dolores en sus partes \u00edntimas.<\/p>\n\n\n\n<p>El juez Pablo Farah, de la Sala III del Tribunal de Juicio del distrito judicial Centro, conden\u00f3 a 5 a\u00f1os de prisi\u00f3n de cumplimiento efectivo al hombre de 40 a\u00f1os.<\/p>\n","protected":false},"excerpt":{"rendered":"<p>La madrugada del 11 de noviembre de 2022, el ahora condenado abus\u00f3 de la joven mujer, despu\u00e9s de haberla invitado a beber a un bar. Ella perdi\u00f3 el conocimiento y fue despertada por su madre en una vereda cercana a su domicilio, con lesiones en su cuerpo. El fiscal penal 2 de la Unidad de [&hellip;]<\/p>\n","protected":false},"author":2,"featured_media":36778,"comment_status":"open","ping_status":"open","sticky":false,"template":"","format":"standard","meta":{"tdm_status":"","tdm_grid_status":"","_joinchat":[],"footnotes":""},"categories":[63],"tags":[],"class_list":{"0":"post-65893","1":"post","2":"type-post","3":"status-publish","4":"format-standard","5":"has-post-thumbnail","7":"category-policiales"},"amp_enabled":true,"_links":{"self":[{"href":"https:\/\/www.todoeldia.com\/index.php\/wp-json\/wp\/v2\/posts\/65893","targetHints":{"allow":["GET"]}}],"collection":[{"href":"https:\/\/www.todoeldia.com\/index.php\/wp-json\/wp\/v2\/posts"}],"about":[{"href":"https:\/\/www.todoeldia.com\/index.php\/wp-json\/wp\/v2\/types\/post"}],"author":[{"embeddable":true,"href":"https:\/\/www.todoeldia.com\/index.php\/wp-json\/wp\/v2\/users\/2"}],"replies":[{"embeddable":true,"href":"https:\/\/www.todoeldia.com\/index.php\/wp-json\/wp\/v2\/comments?post=65893"}],"version-history":[{"count":1,"href":"https:\/\/www.todoeldia.com\/index.php\/wp-json\/wp\/v2\/posts\/65893\/revisions"}],"predecessor-version":[{"id":65894,"href":"https:\/\/www.todoeldia.com\/index.php\/wp-json\/wp\/v2\/posts\/65893\/revisions\/65894"}],"wp:featuredmedia":[{"embeddable":true,"href":"https:\/\/www.todoeldia.com\/index.php\/wp-json\/wp\/v2\/media\/36778"}],"wp:attachment":[{"href":"https:\/\/www.todoeldia.com\/index.php\/wp-json\/wp\/v2\/media?parent=65893"}],"wp:term":[{"taxonomy":"category","embeddable":true,"href":"https:\/\/www.todoeldia.com\/index.php\/wp-json\/wp\/v2\/categories?post=65893"},{"taxonomy":"post_tag","embeddable":true,"href":"https:\/\/www.todoeldia.com\/index.php\/wp-json\/wp\/v2\/tags?post=65893"}],"curies":[{"name":"wp","href":"https:\/\/api.w.org\/{rel}","templated":true}]}}