{"id":65908,"date":"2023-10-05T10:28:15","date_gmt":"2023-10-05T13:28:15","guid":{"rendered":"https:\/\/www.todoeldia.com\/?p=65908"},"modified":"2023-10-05T10:28:18","modified_gmt":"2023-10-05T13:28:18","slug":"murio-un-hombre-que-se-trasladaba-montado-sobre-unos-troncos-que-transportaba-un-camion","status":"publish","type":"post","link":"https:\/\/www.todoeldia.com\/index.php\/2023\/10\/05\/murio-un-hombre-que-se-trasladaba-montado-sobre-unos-troncos-que-transportaba-un-camion\/","title":{"rendered":"Muri\u00f3 un hombre que se trasladaba montado sobre unos troncos que transportaba un cami\u00f3n"},"content":{"rendered":"\n<p>Ayer efectivos de la Direcci\u00f3n de Unidad Regional N\u00b0 2 trabajaron en un siniestro vial ocurrido en calle Arenales de la ciudad de Or\u00e1n, donde por motivos que se busca establecer un hombre perdi\u00f3 la vida tras caer de un cami\u00f3n.<\/p>\n\n\n\n<p>Minutos antes de las 21 horas, un llamado al Sistema de Emergencias 911 daba cuentas sobre un siniestro vial ocurrido en calle Arenales en inmediaciones de una finca. De inmediato se derivaron recursos al lugar, constatando que el siniestro habr\u00eda sido protagonizado por un cami\u00f3n, en el que transportaban rollos de madera. El rodado era guiado por un hombre de 26 a\u00f1os, que por motivos a establecer perdi\u00f3 el control del mismo provocando que el acompa\u00f1ante, quien se encontraba sobre la carga en el sector del acoplado perdiera el equilibrio.<\/p>\n\n\n\n<p>Profesionales de la salud constataron en el lugar el deceso del acompa\u00f1ante un hombre de 31 a\u00f1os.<\/p>\n\n\n\n<p>Peritos en Criminal\u00edstica trabajaron para documentar el hecho y determinar la mec\u00e1nica del siniestro.<\/p>\n\n\n\n<p>Se dio intervenci\u00f3n la Fiscal\u00eda Penal de Graves Atentados contra las Personas.<\/p>\n","protected":false},"excerpt":{"rendered":"<p>Ayer efectivos de la Direcci\u00f3n de Unidad Regional N\u00b0 2 trabajaron en un siniestro vial ocurrido en calle Arenales de la ciudad de Or\u00e1n, donde por motivos que se busca establecer un hombre perdi\u00f3 la vida tras caer de un cami\u00f3n. Minutos antes de las 21 horas, un llamado al Sistema de Emergencias 911 daba [&hellip;]<\/p>\n","protected":false},"author":2,"featured_media":65909,"comment_status":"open","ping_status":"open","sticky":false,"template":"","format":"standard","meta":{"tdm_status":"","tdm_grid_status":"","_joinchat":[],"footnotes":""},"categories":[63],"tags":[],"class_list":{"0":"post-65908","1":"post","2":"type-post","3":"status-publish","4":"format-standard","5":"has-post-thumbnail","7":"category-policiales"},"amp_enabled":true,"_links":{"self":[{"href":"https:\/\/www.todoeldia.com\/index.php\/wp-json\/wp\/v2\/posts\/65908","targetHints":{"allow":["GET"]}}],"collection":[{"href":"https:\/\/www.todoeldia.com\/index.php\/wp-json\/wp\/v2\/posts"}],"about":[{"href":"https:\/\/www.todoeldia.com\/index.php\/wp-json\/wp\/v2\/types\/post"}],"author":[{"embeddable":true,"href":"https:\/\/www.todoeldia.com\/index.php\/wp-json\/wp\/v2\/users\/2"}],"replies":[{"embeddable":true,"href":"https:\/\/www.todoeldia.com\/index.php\/wp-json\/wp\/v2\/comments?post=65908"}],"version-history":[{"count":1,"href":"https:\/\/www.todoeldia.com\/index.php\/wp-json\/wp\/v2\/posts\/65908\/revisions"}],"predecessor-version":[{"id":65910,"href":"https:\/\/www.todoeldia.com\/index.php\/wp-json\/wp\/v2\/posts\/65908\/revisions\/65910"}],"wp:featuredmedia":[{"embeddable":true,"href":"https:\/\/www.todoeldia.com\/index.php\/wp-json\/wp\/v2\/media\/65909"}],"wp:attachment":[{"href":"https:\/\/www.todoeldia.com\/index.php\/wp-json\/wp\/v2\/media?parent=65908"}],"wp:term":[{"taxonomy":"category","embeddable":true,"href":"https:\/\/www.todoeldia.com\/index.php\/wp-json\/wp\/v2\/categories?post=65908"},{"taxonomy":"post_tag","embeddable":true,"href":"https:\/\/www.todoeldia.com\/index.php\/wp-json\/wp\/v2\/tags?post=65908"}],"curies":[{"name":"wp","href":"https:\/\/api.w.org\/{rel}","templated":true}]}}