{"id":65948,"date":"2023-10-05T13:03:55","date_gmt":"2023-10-05T16:03:55","guid":{"rendered":"https:\/\/www.todoeldia.com\/?p=65948"},"modified":"2023-10-05T13:05:12","modified_gmt":"2023-10-05T16:05:12","slug":"con-lionel-messi-pero-sin-angel-di-maria-salio-la-lista-de-la-seleccion-argentina-para-las-eliminatorias-para-enfrentar-a-paraguay-y-peru","status":"publish","type":"post","link":"https:\/\/www.todoeldia.com\/index.php\/2023\/10\/05\/con-lionel-messi-pero-sin-angel-di-maria-salio-la-lista-de-la-seleccion-argentina-para-las-eliminatorias-para-enfrentar-a-paraguay-y-peru\/","title":{"rendered":"Con Lionel Messi, pero sin \u00c1ngel Di Mar\u00eda: sali\u00f3 la lista de la Selecci\u00f3n Argentina para las Eliminatorias para enfrentar a Paraguay y Per\u00fa."},"content":{"rendered":"\n<p>Se termin\u00f3 la espera: Lionel Scaloni les puso fin a las especulaciones y dio a conocer la lista de convocados para la segunda fecha de Eliminatorias Sudamericanas rumbo al Mundial 2026, con algunos cambios respecto a la anterior. En total son 34 convocados, de los cuales 28 formar\u00e1n parte de la Selecci\u00f3n Mayor, mientras que los otros seis estar\u00e1n bajo las \u00f3rdenes de Javier Mascherano.<\/p>\n\n\n\n<p>La presencia de Lionel Messi era una de las dudas que inquietaban a los argentinos pero, finalmente, el capit\u00e1n de la Selecci\u00f3n Argentina viajar\u00e1 al pa\u00eds para sumarse a los entrenamientos junto al resto de sus compa\u00f1eros.<\/p>\n\n\n\n<p>Seg\u00fan confirm\u00f3 Gerardo Martino en la \u00faltima conferencia de prensa, el Diez respondi\u00f3 bien a los est\u00edmulos en la recuperaci\u00f3n de aquella lesi\u00f3n que lo oblig\u00f3 a dejar la cancha contra Ecuador y a perderse una seguidilla de partidos con el Inter Miami.<\/p>\n\n\n\n<p><\/p>\n\n\n\n<figure class=\"wp-block-image size-full is-resized\"><img loading=\"lazy\" decoding=\"async\" src=\"https:\/\/www.todoeldia.com\/wp-content\/uploads\/2023\/10\/image-52.png\" alt=\"\" class=\"wp-image-65949\" style=\"width:914px;height:720px\" width=\"914\" height=\"720\"\/><\/figure>\n\n\n\n<p>&#8220;Lo m\u00e1s importante es que est\u00e1 dejando atr\u00e1s la lesi\u00f3n, de a poco va encontrando su mejor forma. Viene entrenando muy bien con el departamento m\u00e9dico. Despu\u00e9s veremos qu\u00e9 es lo m\u00e1s conveniente&#8221;, asegur\u00f3 el Tata este mi\u00e9rcoles.<\/p>\n\n\n\n<p>Una por una, las bajas de la Selecci\u00f3n: cinco campeones del mundo quedaron afuera<\/p>\n\n\n\n<p>A diferencia de Leo, quien no estar\u00e1 en esta oportunidad ser\u00e1 \u00c1ngel Di Mar\u00eda: sufri\u00f3 una lesi\u00f3n en la cara posterior del muslo derecho durante el partido que Benfica disput\u00f3 ante Inter por la segunda fecha del grupo D de la Champions League. \u00bfC\u00f3mo fue? Fideo pic\u00f3, forceje\u00f3 con Calhanoglu, cay\u00f3 y debi\u00f3 ser reemplazado a poco m\u00e1s de 10 minutos del final del duelo.<\/p>\n\n\n\n<figure class=\"wp-block-image size-full is-resized\"><img loading=\"lazy\" decoding=\"async\" src=\"https:\/\/www.todoeldia.com\/wp-content\/uploads\/2023\/10\/image-54.png\" alt=\"\" class=\"wp-image-65951\" style=\"width:914px;height:446px\" width=\"914\" height=\"446\"\/><\/figure>\n\n\n\n<p><strong>El posteo de \u00c1ngel Di Mar\u00eda en redes sociales.<\/strong><\/p>\n\n\n\n<p>Di Mar\u00eda no es el \u00fanico protagonista de Qatar 2022 que no podr\u00e1 concurrir a esta cita. Lisandro Mart\u00ednez, quien debi\u00f3 ser operado nuevamente por el agravamiento del problema que sufri\u00f3 en el quinto metatarsiano del pie derecho en abril. Si bien no definieron plazos, se estima que estar\u00e1 fuera de las canchas entre dos y tres meses.<\/p>\n\n\n\n<p>Quien regresar\u00e1 ser\u00e1 Marcos Acu\u00f1a, cuya lesi\u00f3n miotendinosa en el b\u00edceps femoral de su pierna derecha lo dej\u00f3 al margen del debut ante Ecuador y la segunda fecha frente a Bolivia en la altura de La Paz. Tambi\u00e9n har\u00e1 lo propio Paulo Dybala: una molestia muscular en el aductor derecho lo priv\u00f3 de estar en los compromisos previos.<\/p>\n\n\n\n<p>De esta manera, 21 de los 26 campeones del mundo aparecen en la \u00faltima lista. \u00bfQu\u00e9 pasa con los otros cinco? A los ya mencionados Di Mar\u00eda y Mart\u00ednez se les suman los lesionados Ger\u00f3nimo Rulli y \u00c1ngel Correa, mientras que Alejandro G\u00f3mez, sin presente de Selecci\u00f3n, est\u00e1 empezando a ganar ritmo: reci\u00e9n este lunes volvi\u00f3 a jugar despu\u00e9s de tres meses.<\/p>\n\n\n\n<p>Las novedades en la lista respecto a la \u00faltima convocatoria<\/p>\n\n\n\n<p>Giovani Lo Celso, quien estuvo entre algodones durante la primera doble fecha de Eliminatorias, regresar\u00e1 a la lista. Lucas Ocampos es otro de los que vuelven. Si bien estuvo en la gira por Asia, las bajas de Correa y Di Mar\u00eda le abrieron el cupo.<\/p>\n\n\n\n<figure class=\"wp-block-image size-full is-resized\"><img loading=\"lazy\" decoding=\"async\" src=\"https:\/\/www.todoeldia.com\/wp-content\/uploads\/2023\/10\/image-53.png\" alt=\"\" class=\"wp-image-65950\" style=\"width:914px;height:480px\" width=\"914\" height=\"480\"\/><\/figure>\n\n\n\n<p><strong>Far\u00edas, hoy en Miami, se suma a la lista<\/strong><\/p>\n\n\n\n<p>El mismo camino seguir\u00e1 Lucas Mart\u00ednez Quarta, de buen presente en la Fiorentina, regresar\u00e1 a la lista luego de haber quedado al margen de la citaci\u00f3n para el Mundial: ingresar\u00e1 en lugar de Marcos Senesi.<\/p>\n\n\n\n<p>\u00bfEl resto de los convocados? Marco Pellegrino, Carlos Alcaraz y Facundo Far\u00edas se sumar\u00e1n a los elegidos para la Sub 23 (la lista local saldr\u00eda este jueves luego del mediod\u00eda). A la n\u00f3mina la completan Lucas Esquivel, Bruno Zapelli y Thiago Almada, quienes ya aparecieron en la lista previa.<\/p>\n","protected":false},"excerpt":{"rendered":"<p>Se termin\u00f3 la espera: Lionel Scaloni les puso fin a las especulaciones y dio a conocer la lista de convocados para la segunda fecha de Eliminatorias Sudamericanas rumbo al Mundial 2026, con algunos cambios respecto a la anterior. En total son 34 convocados, de los cuales 28 formar\u00e1n parte de la Selecci\u00f3n Mayor, mientras que [&hellip;]<\/p>\n","protected":false},"author":2,"featured_media":65953,"comment_status":"open","ping_status":"open","sticky":false,"template":"","format":"standard","meta":{"tdm_status":"","tdm_grid_status":"","_joinchat":[],"footnotes":""},"categories":[62],"tags":[],"class_list":{"0":"post-65948","1":"post","2":"type-post","3":"status-publish","4":"format-standard","5":"has-post-thumbnail","7":"category-deportes"},"amp_enabled":true,"_links":{"self":[{"href":"https:\/\/www.todoeldia.com\/index.php\/wp-json\/wp\/v2\/posts\/65948","targetHints":{"allow":["GET"]}}],"collection":[{"href":"https:\/\/www.todoeldia.com\/index.php\/wp-json\/wp\/v2\/posts"}],"about":[{"href":"https:\/\/www.todoeldia.com\/index.php\/wp-json\/wp\/v2\/types\/post"}],"author":[{"embeddable":true,"href":"https:\/\/www.todoeldia.com\/index.php\/wp-json\/wp\/v2\/users\/2"}],"replies":[{"embeddable":true,"href":"https:\/\/www.todoeldia.com\/index.php\/wp-json\/wp\/v2\/comments?post=65948"}],"version-history":[{"count":1,"href":"https:\/\/www.todoeldia.com\/index.php\/wp-json\/wp\/v2\/posts\/65948\/revisions"}],"predecessor-version":[{"id":65952,"href":"https:\/\/www.todoeldia.com\/index.php\/wp-json\/wp\/v2\/posts\/65948\/revisions\/65952"}],"wp:featuredmedia":[{"embeddable":true,"href":"https:\/\/www.todoeldia.com\/index.php\/wp-json\/wp\/v2\/media\/65953"}],"wp:attachment":[{"href":"https:\/\/www.todoeldia.com\/index.php\/wp-json\/wp\/v2\/media?parent=65948"}],"wp:term":[{"taxonomy":"category","embeddable":true,"href":"https:\/\/www.todoeldia.com\/index.php\/wp-json\/wp\/v2\/categories?post=65948"},{"taxonomy":"post_tag","embeddable":true,"href":"https:\/\/www.todoeldia.com\/index.php\/wp-json\/wp\/v2\/tags?post=65948"}],"curies":[{"name":"wp","href":"https:\/\/api.w.org\/{rel}","templated":true}]}}