{"id":65955,"date":"2023-10-05T13:17:56","date_gmt":"2023-10-05T16:17:56","guid":{"rendered":"https:\/\/www.todoeldia.com\/?p=65955"},"modified":"2023-10-05T13:18:18","modified_gmt":"2023-10-05T16:18:18","slug":"las-millas-de-insaurralde-que-investiga-la-justicia-27-viajes-a-colombia-y-vuelos-privados-por-sudamerica","status":"publish","type":"post","link":"https:\/\/www.todoeldia.com\/index.php\/2023\/10\/05\/las-millas-de-insaurralde-que-investiga-la-justicia-27-viajes-a-colombia-y-vuelos-privados-por-sudamerica\/","title":{"rendered":"Las millas de Insaurralde que investiga la Justicia: 27 viajes a Colombia y vuelos privados por Sudam\u00e9rica"},"content":{"rendered":"\n<p>El exjefe de Gabinete bonaerense vol\u00f3 52 veces por todo el continente y repiti\u00f3 la misma ruta cinco veces en un solo mes. Se traslad\u00f3 dos veces a Espa\u00f1a en el \u00faltimo a\u00f1o y, antes de sus vacaciones con Sof\u00eda Cl\u00e9rici, se fue a Estados Unidos y Francia.<\/p>\n\n\n\n<p>El esc\u00e1ndalo de Mart\u00edn Insaurralde que comenz\u00f3 con unas lujosas vacaciones por Marbella con su novia, la modelo Sofia Cl\u00e9rici, contin\u00faa en la Justicia. La investigaci\u00f3n ahora gira en torno a las 200 salidas y entradas que hizo el exjefe de gabinete bonaerense en los \u00faltimos 20 a\u00f1os, dentro de los que aparecen 27 vuelos a Colombia, vuelos privados por toda Sudam\u00e9rica y misteriosas rutas constantemente repetidas.<\/p>\n\n\n\n<p>Entre los n\u00fameros que se desglosan de la lista de vuelos que hizo el todav\u00eda intendente de Lomas de Zamora -en uso de licencia-, el destino m\u00e1s llamativo por la frecuencia con la que se repite es Colombia. Insaurralde pis\u00f3 suelo cafetero 27 veces, aunque en algunas oportunidades prefiri\u00f3 no volar directamente desde la Argentina.<\/p>\n\n\n\n<p><strong>Los misteriosos 27 vuelos a Colombia y una ruta que se repite<\/strong><\/p>\n\n\n\n<p>Entre 2004 y 2014 viaj\u00f3 apenas cinco veces. Todos viajes cortos, ninguno de m\u00e1s de cinco d\u00edas. En febrero de 2015 algo cambi\u00f3 luego de un viaje de 17 d\u00edas -sali\u00f3 el 6 de febrero de 2015 y volvi\u00f3 el 23- y ah\u00ed comenz\u00f3 una ola de 22 viajes en menos de cinco a\u00f1os, donde entr\u00f3 a tierras colombianas desde la Argentina, Chile y hasta Per\u00fa. Todo desde vuelos de l\u00ednea.<\/p>\n\n\n\n<p>El primero dur\u00f3 cuatro d\u00edas: sali\u00f3 el 20 de marzo hacia Per\u00fa y regres\u00f3 el 24. 48 horas despu\u00e9s, el 26 de marzo, se fue a Chile y regres\u00f3 el 4 de abril. La siguiente salida fue a mediados de mayo, cuando fue y volvi\u00f3 a Colombia en cuatro d\u00edas. El por entonces intendente de Lomas de Zamora le puso un freno de tres meses a su agenda de viajes, pero volvi\u00f3 a recorrer los mismos destinos en agosto.<\/p>\n\n\n\n<p>El 25 de agosto sali\u00f3 un vuelo de l\u00ednea con destino a Chile y una semana despu\u00e9s, el 1\u00b0 de septiembre, regres\u00f3 -vuelo de l\u00ednea mediante- el 1\u00b0 de septiembre. No fue el \u00fanico viaje que hizo en ese mes: el 25 de septiembre viaj\u00f3 a Colombia y regres\u00f3 el 28. El \u00faltimo viaje previo a una llamativa repetici\u00f3n de rutas fue a Chile: sali\u00f3 el 6 de noviembre y volvi\u00f3 el 8.<\/p>\n\n\n\n<figure class=\"wp-block-image size-large\"><img loading=\"lazy\" decoding=\"async\" width=\"1024\" height=\"449\" src=\"https:\/\/www.todoeldia.com\/wp-content\/uploads\/2023\/10\/image-55-1024x449.png\" alt=\"\" class=\"wp-image-65957\" srcset=\"https:\/\/www.todoeldia.com\/wp-content\/uploads\/2023\/10\/image-55-1024x449.png 1024w, https:\/\/www.todoeldia.com\/wp-content\/uploads\/2023\/10\/image-55-300x132.png 300w, https:\/\/www.todoeldia.com\/wp-content\/uploads\/2023\/10\/image-55-768x337.png 768w, https:\/\/www.todoeldia.com\/wp-content\/uploads\/2023\/10\/image-55-696x305.png 696w, https:\/\/www.todoeldia.com\/wp-content\/uploads\/2023\/10\/image-55-1068x469.png 1068w, https:\/\/www.todoeldia.com\/wp-content\/uploads\/2023\/10\/image-55-957x420.png 957w, https:\/\/www.todoeldia.com\/wp-content\/uploads\/2023\/10\/image-55.png 1440w\" sizes=\"auto, (max-width: 1024px) 100vw, 1024px\" \/><\/figure>\n\n\n\n<p><strong>Parte de los vuelos que hizo Sof\u00eda Clerici <\/strong><\/p>\n\n\n\n<p>A fines de 2015 inici\u00f3 una frecuente y llamativa ruta que inclu\u00eda ingresos por Chile y salidas por Colombia. Todas en vuelos de l\u00ednea, pero ninguno dur\u00f3 m\u00e1s de cinco d\u00edas. Lleg\u00f3 a repetir la misma ruta cinco veces y los vuelos se extendieron a ocho en apenas tres meses.<\/p>\n\n\n\n<p>El 29 de diciembre de 2015 sali\u00f3 con destino a Chile y volvi\u00f3 el 4 de enero de 2016 desde Colombia.<\/p>\n\n\n\n<p>48 horas despu\u00e9s de volver de Colombia, volvi\u00f3 a viajar a Chile. El 6 de enero se tom\u00f3 el vuelo hacia el pa\u00eds trasandino y regres\u00f3 por Colombia el 11.<\/p>\n\n\n\n<p>Al d\u00eda siguiente, el 12 de enero, volvi\u00f3 a viajar a Chile. Regres\u00f3 el 18 de enero en un vuelo de l\u00ednea desde Colombia.<\/p>\n\n\n\n<p>En menos de 24 horas volvi\u00f3 a volar: el 19 de enero sali\u00f3 para Chile y regres\u00f3 el 25 desde Colombia.<\/p>\n\n\n\n<p>El \u00faltimo viaje del raid comenz\u00f3 el 26 de enero, un d\u00eda despu\u00e9s del vuelo anterior, y concluy\u00f3 el 1 de febrero. La vuelta, una vez m\u00e1s, fue desde Colombia.<\/p>\n\n\n\n<p>Los viajes a Colombia y Chile no concluyeron ese a\u00f1o. El 11 de marzo volvi\u00f3 a irse a Colombia por seis d\u00edas y dos meses despu\u00e9s, el 11 de mayo, sali\u00f3 hacia Chile. Volvi\u00f3 cuatro d\u00edas despu\u00e9s, pero en un vuelo de l\u00ednea desde Brasil.<\/p>\n\n\n\n<p>Entre agosto y septiembre volvi\u00f3 a frecuentar el pa\u00eds colombiano. El primer viaje fue de once d\u00edas -sali\u00f3 el 11 de agosto y volvi\u00f3 el 28- y el segundo de solo tres: sali\u00f3 hacia Colombia y regres\u00f3 al pa\u00eds tres d\u00edas despu\u00e9s con un vuelo de l\u00ednea.<\/p>\n\n\n\n<p>Para fines de 2016 repiti\u00f3 nuevamente una catarata de viajes fugaces a Chile. El 19 de octubre sali\u00f3 del pa\u00eds y volvi\u00f3 el 23, pero 48 horas despu\u00e9s volvi\u00f3 a salir para regresar el 30 del d\u00e9cimo mes del a\u00f1o. Adem\u00e1s, figura un regreso desde chile del 29 de noviembre, sin ingresos previos.<\/p>\n\n\n\n<p><strong>Los diez viajes a Estados Unidos y la previa al esc\u00e1ndalo Cl\u00e9rici<\/strong><\/p>\n\n\n\n<p>Desde 2009 -cuando hizo su primer viaje- a 2023, Insaurralde vol\u00f3 en diez oportunidades a Estados Unidos. Seis de ellos ocurrieron en los \u00faltimos tres a\u00f1os. La particularidad es que en 2020 resolvi\u00f3 irse un mes al pa\u00eds norteamericano, sali\u00f3 el 27 de diciembre y volvi\u00f3 el 28 de enero. un a\u00f1o despu\u00e9s repiti\u00f3 el mismo viaje, pero con menos d\u00edas: sali\u00f3 el 29 de diciembre de 2021 y regres\u00f3 el 13 de enero.<\/p>\n\n\n\n<p>Sin embargo, al regresar del segundo viaje volvi\u00f3 a irse apenas 14 d\u00edas despu\u00e9s y por otras dos semanas: sali\u00f3 el 27 de enero de 2021 y volvi\u00f3 el 7 de febrero a bordo de un avi\u00f3n de la aerol\u00ednea United Airlines. Ese mismo a\u00f1o volvi\u00f3 a irse del pa\u00eds con destino a EEUU: sali\u00f3 el 3 de junio y volvi\u00f3 el 12.<\/p>\n","protected":false},"excerpt":{"rendered":"<p>El exjefe de Gabinete bonaerense vol\u00f3 52 veces por todo el continente y repiti\u00f3 la misma ruta cinco veces en un solo mes. Se traslad\u00f3 dos veces a Espa\u00f1a en el \u00faltimo a\u00f1o y, antes de sus vacaciones con Sof\u00eda Cl\u00e9rici, se fue a Estados Unidos y Francia. El esc\u00e1ndalo de Mart\u00edn Insaurralde que comenz\u00f3 [&hellip;]<\/p>\n","protected":false},"author":2,"featured_media":65956,"comment_status":"open","ping_status":"open","sticky":false,"template":"","format":"standard","meta":{"tdm_status":"","tdm_grid_status":"","_joinchat":[],"footnotes":""},"categories":[59],"tags":[],"class_list":{"0":"post-65955","1":"post","2":"type-post","3":"status-publish","4":"format-standard","5":"has-post-thumbnail","7":"category-politica"},"amp_enabled":true,"_links":{"self":[{"href":"https:\/\/www.todoeldia.com\/index.php\/wp-json\/wp\/v2\/posts\/65955","targetHints":{"allow":["GET"]}}],"collection":[{"href":"https:\/\/www.todoeldia.com\/index.php\/wp-json\/wp\/v2\/posts"}],"about":[{"href":"https:\/\/www.todoeldia.com\/index.php\/wp-json\/wp\/v2\/types\/post"}],"author":[{"embeddable":true,"href":"https:\/\/www.todoeldia.com\/index.php\/wp-json\/wp\/v2\/users\/2"}],"replies":[{"embeddable":true,"href":"https:\/\/www.todoeldia.com\/index.php\/wp-json\/wp\/v2\/comments?post=65955"}],"version-history":[{"count":2,"href":"https:\/\/www.todoeldia.com\/index.php\/wp-json\/wp\/v2\/posts\/65955\/revisions"}],"predecessor-version":[{"id":65959,"href":"https:\/\/www.todoeldia.com\/index.php\/wp-json\/wp\/v2\/posts\/65955\/revisions\/65959"}],"wp:featuredmedia":[{"embeddable":true,"href":"https:\/\/www.todoeldia.com\/index.php\/wp-json\/wp\/v2\/media\/65956"}],"wp:attachment":[{"href":"https:\/\/www.todoeldia.com\/index.php\/wp-json\/wp\/v2\/media?parent=65955"}],"wp:term":[{"taxonomy":"category","embeddable":true,"href":"https:\/\/www.todoeldia.com\/index.php\/wp-json\/wp\/v2\/categories?post=65955"},{"taxonomy":"post_tag","embeddable":true,"href":"https:\/\/www.todoeldia.com\/index.php\/wp-json\/wp\/v2\/tags?post=65955"}],"curies":[{"name":"wp","href":"https:\/\/api.w.org\/{rel}","templated":true}]}}