{"id":65968,"date":"2023-10-05T14:48:19","date_gmt":"2023-10-05T17:48:19","guid":{"rendered":"https:\/\/www.todoeldia.com\/?p=65968"},"modified":"2023-10-05T14:49:11","modified_gmt":"2023-10-05T17:49:11","slug":"ni-en-el-911-estas-a-salvo-denuncian-a-policia-por-abuso-sexual-en-la-sede-donde-opera-el-sistema","status":"publish","type":"post","link":"https:\/\/www.todoeldia.com\/index.php\/2023\/10\/05\/ni-en-el-911-estas-a-salvo-denuncian-a-policia-por-abuso-sexual-en-la-sede-donde-opera-el-sistema\/","title":{"rendered":"Ni en el 911 estas a salvo: denuncian a polic\u00eda por abuso sexual en la sede donde opera el sistema"},"content":{"rendered":"\n<p>En lo que va del a\u00f1o hay 800 denuncias contra polic\u00edas<\/p>\n\n\n\n<p>El ministerio de Seguridad y la Polic\u00eda est\u00e1n de nuevo en boca de toda la poblaci\u00f3n. Adem\u00e1s del incremento de los casos de inseguridad, se agregan los abusos cometidos por los propios miembros de la fuerza de seguridad.<\/p>\n\n\n\n<p>Ahora una mujer que se desempe\u00f1a en el lugar denunci\u00f3 que fue abusada por un polic\u00eda en el subsuelo del mismo edificio donde funciona el 911 el pasado 28 de setiembre.<\/p>\n\n\n\n<figure class=\"wp-block-image size-full\"><img loading=\"lazy\" decoding=\"async\" width=\"980\" height=\"640\" src=\"https:\/\/www.todoeldia.com\/wp-content\/uploads\/2023\/10\/image-58.png\" alt=\"\" class=\"wp-image-65970\" srcset=\"https:\/\/www.todoeldia.com\/wp-content\/uploads\/2023\/10\/image-58.png 980w, https:\/\/www.todoeldia.com\/wp-content\/uploads\/2023\/10\/image-58-300x196.png 300w, https:\/\/www.todoeldia.com\/wp-content\/uploads\/2023\/10\/image-58-768x502.png 768w, https:\/\/www.todoeldia.com\/wp-content\/uploads\/2023\/10\/image-58-696x455.png 696w, https:\/\/www.todoeldia.com\/wp-content\/uploads\/2023\/10\/image-58-643x420.png 643w\" sizes=\"auto, (max-width: 980px) 100vw, 980px\" \/><\/figure>\n\n\n\n<p>La que sali\u00f3 a hablar de la denuncia en el 911 fue la Secretaria de Seguridad, Frida Fonseca (esa \u00e1rea depende directamente del ministro) y dijo que el efectivo fue suspendido y se le retiro el arma reglamentaria el mismo d\u00eda que fue denunciado.<\/p>\n\n\n\n<p>Pero eso no fue todo. La funcionaria destap\u00f3 la olla y dijo que en lo que va del 2023 se investigaron 800 causas en contra de polic\u00edas, de las cuales 640 se resolvieron suspendiendo a los efectivos.<\/p>\n\n\n\n<p>Hay polic\u00edas para todos los gustos<\/p>\n\n\n\n<p>Dijo adem\u00e1s que el 22% de las denuncias son por violencia de g\u00e9nero e intrafamiliar; el 15% son por delitos sexuales, el 22% son por abuso de autoridad y el 5% est\u00e1n vinculadas al consumo y venta de estupefacientes.<\/p>\n\n\n\n<p>Hay actualmente 19 causas con pedidos de exoneraci\u00f3n, en donde 15 hechos son por delitos sexuales.<\/p>\n\n\n\n<p>Fonseca fue m\u00e1s all\u00e1 y le hizo un llamado de atenci\u00f3n al jefe de Polic\u00eda para que tome las medidas correspondientes separ\u00e1ndolos de los cargos a fin de garantizar la investigaci\u00f3n.<\/p>\n\n\n\n<p>Tambi\u00e9n habr\u00eda que tomar los recaudos necesarios con el personal que entra a la fuerza policial, porque 800 denuncias contra efectivos en lo que va del a\u00f1o demuestra que algo no est\u00e1 funcionando y alguien debe asumir la responsabilidad.<\/p>\n","protected":false},"excerpt":{"rendered":"<p>En lo que va del a\u00f1o hay 800 denuncias contra polic\u00edas El ministerio de Seguridad y la Polic\u00eda est\u00e1n de nuevo en boca de toda la poblaci\u00f3n. Adem\u00e1s del incremento de los casos de inseguridad, se agregan los abusos cometidos por los propios miembros de la fuerza de seguridad. Ahora una mujer que se desempe\u00f1a [&hellip;]<\/p>\n","protected":false},"author":2,"featured_media":38006,"comment_status":"open","ping_status":"open","sticky":false,"template":"","format":"standard","meta":{"tdm_status":"","tdm_grid_status":"","_joinchat":[],"footnotes":""},"categories":[63],"tags":[],"class_list":{"0":"post-65968","1":"post","2":"type-post","3":"status-publish","4":"format-standard","5":"has-post-thumbnail","7":"category-policiales"},"amp_enabled":true,"_links":{"self":[{"href":"https:\/\/www.todoeldia.com\/index.php\/wp-json\/wp\/v2\/posts\/65968","targetHints":{"allow":["GET"]}}],"collection":[{"href":"https:\/\/www.todoeldia.com\/index.php\/wp-json\/wp\/v2\/posts"}],"about":[{"href":"https:\/\/www.todoeldia.com\/index.php\/wp-json\/wp\/v2\/types\/post"}],"author":[{"embeddable":true,"href":"https:\/\/www.todoeldia.com\/index.php\/wp-json\/wp\/v2\/users\/2"}],"replies":[{"embeddable":true,"href":"https:\/\/www.todoeldia.com\/index.php\/wp-json\/wp\/v2\/comments?post=65968"}],"version-history":[{"count":2,"href":"https:\/\/www.todoeldia.com\/index.php\/wp-json\/wp\/v2\/posts\/65968\/revisions"}],"predecessor-version":[{"id":65971,"href":"https:\/\/www.todoeldia.com\/index.php\/wp-json\/wp\/v2\/posts\/65968\/revisions\/65971"}],"wp:featuredmedia":[{"embeddable":true,"href":"https:\/\/www.todoeldia.com\/index.php\/wp-json\/wp\/v2\/media\/38006"}],"wp:attachment":[{"href":"https:\/\/www.todoeldia.com\/index.php\/wp-json\/wp\/v2\/media?parent=65968"}],"wp:term":[{"taxonomy":"category","embeddable":true,"href":"https:\/\/www.todoeldia.com\/index.php\/wp-json\/wp\/v2\/categories?post=65968"},{"taxonomy":"post_tag","embeddable":true,"href":"https:\/\/www.todoeldia.com\/index.php\/wp-json\/wp\/v2\/tags?post=65968"}],"curies":[{"name":"wp","href":"https:\/\/api.w.org\/{rel}","templated":true}]}}