{"id":66007,"date":"2023-10-06T15:29:58","date_gmt":"2023-10-06T18:29:58","guid":{"rendered":"https:\/\/www.todoeldia.com\/?p=66007"},"modified":"2023-10-06T15:30:00","modified_gmt":"2023-10-06T18:30:00","slug":"7-anos-de-prision-para-boliviano-que-ingreso-a-pocitos-con-un-camion-de-bananas-y-105-kilos-de-cocaina","status":"publish","type":"post","link":"https:\/\/www.todoeldia.com\/index.php\/2023\/10\/06\/7-anos-de-prision-para-boliviano-que-ingreso-a-pocitos-con-un-camion-de-bananas-y-105-kilos-de-cocaina\/","title":{"rendered":"7 a\u00f1os de prisi\u00f3n para boliviano que ingreso a Pocitos con un cami\u00f3n de bananas y 105 kilos de coca\u00edna"},"content":{"rendered":"\n<p>El hecho ocurri\u00f3 el 25 de mayo pasado, cuando personal de la Divisi\u00f3n Aduanas de Salvador Mazza inspeccion\u00f3 un cami\u00f3n procedente de Bolivia. La droga iba oculta en el enganche del semirremolque.<\/p>\n\n\n\n<p>En l\u00ednea con la acusaci\u00f3n llevada adelante por la Sede Descentralizada de Tartagal, a cargo del fiscal federal Marcos Romero, la jueza federal de Garant\u00edas de esa ciudad, Ivana Hern\u00e1ndez, conden\u00f3 a Rino R\u00edos Guill\u00e9n a siete a\u00f1os de prisi\u00f3n por el delito de &#8220;tentativa de contrabando agravado por tratarse de estupefacientes con fines de comercializaci\u00f3n&#8221;.<\/p>\n\n\n\n<figure class=\"wp-block-image size-large\"><img loading=\"lazy\" decoding=\"async\" width=\"768\" height=\"1024\" src=\"https:\/\/www.todoeldia.com\/wp-content\/uploads\/2023\/10\/image-62-768x1024.png\" alt=\"\" class=\"wp-image-66009\" srcset=\"https:\/\/www.todoeldia.com\/wp-content\/uploads\/2023\/10\/image-62-768x1024.png 768w, https:\/\/www.todoeldia.com\/wp-content\/uploads\/2023\/10\/image-62-225x300.png 225w, https:\/\/www.todoeldia.com\/wp-content\/uploads\/2023\/10\/image-62-1152x1536.png 1152w, https:\/\/www.todoeldia.com\/wp-content\/uploads\/2023\/10\/image-62-300x400.png 300w, https:\/\/www.todoeldia.com\/wp-content\/uploads\/2023\/10\/image-62-696x928.png 696w, https:\/\/www.todoeldia.com\/wp-content\/uploads\/2023\/10\/image-62-1068x1424.png 1068w, https:\/\/www.todoeldia.com\/wp-content\/uploads\/2023\/10\/image-62-315x420.png 315w, https:\/\/www.todoeldia.com\/wp-content\/uploads\/2023\/10\/image-62.png 1200w\" sizes=\"auto, (max-width: 768px) 100vw, 768px\" \/><\/figure>\n\n\n\n<p>La sentencia fue dictada el 21 de septiembre pasado en una audiencia de juicio abreviado en la cual la fiscal\u00eda present\u00f3 la propuesta arribada con la defensa respecto al hecho descubierto el 25 de mayo pasado. Ese d\u00eda cerca de las 14, el conductor manejaba un cami\u00f3n marca Volvo con semirremolque t\u00e9rmico y lleg\u00f3 al puesto de control que posee la Direcci\u00f3n General de Aduanas en el Puente Internacional de Salvador Mazza desde el Estado Plurinacional de Bolivia.<\/p>\n\n\n\n<figure class=\"wp-block-image size-large\"><img loading=\"lazy\" decoding=\"async\" width=\"768\" height=\"1024\" src=\"https:\/\/www.todoeldia.com\/wp-content\/uploads\/2023\/10\/image-63-768x1024.png\" alt=\"\" class=\"wp-image-66010\" srcset=\"https:\/\/www.todoeldia.com\/wp-content\/uploads\/2023\/10\/image-63-768x1024.png 768w, https:\/\/www.todoeldia.com\/wp-content\/uploads\/2023\/10\/image-63-225x300.png 225w, https:\/\/www.todoeldia.com\/wp-content\/uploads\/2023\/10\/image-63-300x400.png 300w, https:\/\/www.todoeldia.com\/wp-content\/uploads\/2023\/10\/image-63-696x928.png 696w, https:\/\/www.todoeldia.com\/wp-content\/uploads\/2023\/10\/image-63-315x420.png 315w, https:\/\/www.todoeldia.com\/wp-content\/uploads\/2023\/10\/image-63.png 867w\" sizes=\"auto, (max-width: 768px) 100vw, 768px\" \/><\/figure>\n\n\n\n<p>De acuerdo a lo dicho por R\u00edos Guill\u00e9n, el veh\u00edculo transportaba una carga de mil cajas de unidades de bananas, procedentes de Ecuador y que ten\u00edan como destino la provincia de Buenos Aires. Cumplidos los tr\u00e1mites migratorios del caso, se procedi\u00f3 a examinar el cami\u00f3n con un scanner port\u00e1til: en esa circunstancia se advirtieron im\u00e1genes inusuales en el sector de enganche del semirremolque, lo que despert\u00f3 la sospecha del personal aduanero.<\/p>\n\n\n\n<p>Por ese motivo, se reserv\u00f3 el rodado y al d\u00eda siguiente se prosigui\u00f3 con la requisa, esta vez con un can antinarc\u00f3tico, que tambi\u00e9n marco la presencia de drogas en el mismo sector del cami\u00f3n. En base a ello, se convoc\u00f3 a personal de Gendarmer\u00eda Nacional, perteneciente al Escuadr\u00f3n 61, de Salvador Mazza. Al proseguir con el procedimiento, ya con los testigos civiles y el control judicial del caso, se retiraron las tuercas del enganche del semirremolque, en la parte inferior, y se encontraron 105 paquetes rectangulares de distintos colores.<\/p>\n\n\n\n<p>Realizada la prueba de campo, se estableci\u00f3 que se trataba de coca\u00edna con un peso de poco m\u00e1s de 105 kilos, por lo que se dio intervenci\u00f3n al auxiliar fiscal Rafael Lamas, quien inici\u00f3 las actuaciones preliminares.<\/p>\n","protected":false},"excerpt":{"rendered":"<p>El hecho ocurri\u00f3 el 25 de mayo pasado, cuando personal de la Divisi\u00f3n Aduanas de Salvador Mazza inspeccion\u00f3 un cami\u00f3n procedente de Bolivia. La droga iba oculta en el enganche del semirremolque. En l\u00ednea con la acusaci\u00f3n llevada adelante por la Sede Descentralizada de Tartagal, a cargo del fiscal federal Marcos Romero, la jueza federal [&hellip;]<\/p>\n","protected":false},"author":2,"featured_media":66008,"comment_status":"open","ping_status":"open","sticky":false,"template":"","format":"standard","meta":{"tdm_status":"","tdm_grid_status":"","_joinchat":[],"footnotes":""},"categories":[63],"tags":[],"class_list":{"0":"post-66007","1":"post","2":"type-post","3":"status-publish","4":"format-standard","5":"has-post-thumbnail","7":"category-policiales"},"amp_enabled":true,"_links":{"self":[{"href":"https:\/\/www.todoeldia.com\/index.php\/wp-json\/wp\/v2\/posts\/66007","targetHints":{"allow":["GET"]}}],"collection":[{"href":"https:\/\/www.todoeldia.com\/index.php\/wp-json\/wp\/v2\/posts"}],"about":[{"href":"https:\/\/www.todoeldia.com\/index.php\/wp-json\/wp\/v2\/types\/post"}],"author":[{"embeddable":true,"href":"https:\/\/www.todoeldia.com\/index.php\/wp-json\/wp\/v2\/users\/2"}],"replies":[{"embeddable":true,"href":"https:\/\/www.todoeldia.com\/index.php\/wp-json\/wp\/v2\/comments?post=66007"}],"version-history":[{"count":1,"href":"https:\/\/www.todoeldia.com\/index.php\/wp-json\/wp\/v2\/posts\/66007\/revisions"}],"predecessor-version":[{"id":66011,"href":"https:\/\/www.todoeldia.com\/index.php\/wp-json\/wp\/v2\/posts\/66007\/revisions\/66011"}],"wp:featuredmedia":[{"embeddable":true,"href":"https:\/\/www.todoeldia.com\/index.php\/wp-json\/wp\/v2\/media\/66008"}],"wp:attachment":[{"href":"https:\/\/www.todoeldia.com\/index.php\/wp-json\/wp\/v2\/media?parent=66007"}],"wp:term":[{"taxonomy":"category","embeddable":true,"href":"https:\/\/www.todoeldia.com\/index.php\/wp-json\/wp\/v2\/categories?post=66007"},{"taxonomy":"post_tag","embeddable":true,"href":"https:\/\/www.todoeldia.com\/index.php\/wp-json\/wp\/v2\/tags?post=66007"}],"curies":[{"name":"wp","href":"https:\/\/api.w.org\/{rel}","templated":true}]}}