{"id":66017,"date":"2023-10-06T15:59:06","date_gmt":"2023-10-06T18:59:06","guid":{"rendered":"https:\/\/www.todoeldia.com\/?p=66017"},"modified":"2023-10-06T15:59:08","modified_gmt":"2023-10-06T18:59:08","slug":"imputaron-a-felipe-pettinato-por-incendio-seguido-de-muerte-y-pidieron-su-indagatoria","status":"publish","type":"post","link":"https:\/\/www.todoeldia.com\/index.php\/2023\/10\/06\/imputaron-a-felipe-pettinato-por-incendio-seguido-de-muerte-y-pidieron-su-indagatoria\/","title":{"rendered":"Imputaron a Felipe Pettinato por incendio seguido de muerte y pidieron su indagatoria"},"content":{"rendered":"\n<p>La medida fue pedida por el fiscal Mart\u00edn Mainardi, que investiga el hecho que le cost\u00f3 la vida al neur\u00f3logo Melchor Rodrigo en mayo de 2022<\/p>\n\n\n\n<p>Un a\u00f1o y cinco meses despu\u00e9s, el fiscal Mart\u00edn Mainardi decidi\u00f3 imputar a Felipe Pettinato por el incendio ocurrido el 16 de mayo de 2022 en Recoleta, en donde falleci\u00f3 su neur\u00f3logo, Melchor Rodrigo. Tambi\u00e9n, el fiscal pidi\u00f3 su declaraci\u00f3n indagatoria. La acusaci\u00f3n, precisamente, es por el delito de incendio seguido de muerte. La decisi\u00f3n de avanzar con la acusaci\u00f3n est\u00e1 a cargo del Juzgado Nacional en lo Criminal y Correccional N\u00b047.<\/p>\n\n\n\n<p>En el hecho, las consecuencias del incendio para m\u00e9dico y paciente fueron llamativamente dispares. El cuerpo de Melchor fue encontrado en el lugar por los bomberos totalmente calcinado. Las llamas lo alcanzaron y lo consumieron. Sin embargo, Felipe, hijo del conductor Roberto Pettinato, sali\u00f3 de la escena sin un rasgu\u00f1o.<\/p>\n\n\n\n<p>Seg\u00fan se pudo constatar del an\u00e1lisis de los celulares y dispositivos electr\u00f3nicos que se encontraron en el lugar, y cuya pericia se demor\u00f3 por el estado en el que se encontraban, efectivamente Felipe invit\u00f3 a Melchor a cenar a su casa. Tambi\u00e9n se corrobor\u00f3 que el m\u00e9dico ten\u00eda planeado radicarse en el exterior y que dejar\u00eda de atender a Felipe, cosa que el hijo del ex saxofonista de Sumo, ya sab\u00eda y posiblemente lo angustiaba.<\/p>\n","protected":false},"excerpt":{"rendered":"<p>La medida fue pedida por el fiscal Mart\u00edn Mainardi, que investiga el hecho que le cost\u00f3 la vida al neur\u00f3logo Melchor Rodrigo en mayo de 2022 Un a\u00f1o y cinco meses despu\u00e9s, el fiscal Mart\u00edn Mainardi decidi\u00f3 imputar a Felipe Pettinato por el incendio ocurrido el 16 de mayo de 2022 en Recoleta, en donde [&hellip;]<\/p>\n","protected":false},"author":2,"featured_media":39564,"comment_status":"open","ping_status":"open","sticky":false,"template":"","format":"standard","meta":{"tdm_status":"","tdm_grid_status":"","_joinchat":[],"footnotes":""},"categories":[63],"tags":[],"class_list":{"0":"post-66017","1":"post","2":"type-post","3":"status-publish","4":"format-standard","5":"has-post-thumbnail","7":"category-policiales"},"amp_enabled":true,"_links":{"self":[{"href":"https:\/\/www.todoeldia.com\/index.php\/wp-json\/wp\/v2\/posts\/66017","targetHints":{"allow":["GET"]}}],"collection":[{"href":"https:\/\/www.todoeldia.com\/index.php\/wp-json\/wp\/v2\/posts"}],"about":[{"href":"https:\/\/www.todoeldia.com\/index.php\/wp-json\/wp\/v2\/types\/post"}],"author":[{"embeddable":true,"href":"https:\/\/www.todoeldia.com\/index.php\/wp-json\/wp\/v2\/users\/2"}],"replies":[{"embeddable":true,"href":"https:\/\/www.todoeldia.com\/index.php\/wp-json\/wp\/v2\/comments?post=66017"}],"version-history":[{"count":1,"href":"https:\/\/www.todoeldia.com\/index.php\/wp-json\/wp\/v2\/posts\/66017\/revisions"}],"predecessor-version":[{"id":66018,"href":"https:\/\/www.todoeldia.com\/index.php\/wp-json\/wp\/v2\/posts\/66017\/revisions\/66018"}],"wp:featuredmedia":[{"embeddable":true,"href":"https:\/\/www.todoeldia.com\/index.php\/wp-json\/wp\/v2\/media\/39564"}],"wp:attachment":[{"href":"https:\/\/www.todoeldia.com\/index.php\/wp-json\/wp\/v2\/media?parent=66017"}],"wp:term":[{"taxonomy":"category","embeddable":true,"href":"https:\/\/www.todoeldia.com\/index.php\/wp-json\/wp\/v2\/categories?post=66017"},{"taxonomy":"post_tag","embeddable":true,"href":"https:\/\/www.todoeldia.com\/index.php\/wp-json\/wp\/v2\/tags?post=66017"}],"curies":[{"name":"wp","href":"https:\/\/api.w.org\/{rel}","templated":true}]}}