{"id":66019,"date":"2023-10-06T16:02:08","date_gmt":"2023-10-06T19:02:08","guid":{"rendered":"https:\/\/www.todoeldia.com\/?p=66019"},"modified":"2023-10-06T16:02:11","modified_gmt":"2023-10-06T19:02:11","slug":"la-inflacion-portena-fue-del-12-en-septiembre-y-del-1409-en-el-ultimo-ano","status":"publish","type":"post","link":"https:\/\/www.todoeldia.com\/index.php\/2023\/10\/06\/la-inflacion-portena-fue-del-12-en-septiembre-y-del-1409-en-el-ultimo-ano\/","title":{"rendered":"La inflaci\u00f3n porte\u00f1a fue del 12% en septiembre y del 140,9% en el \u00faltimo a\u00f1o"},"content":{"rendered":"\n<p>La Direcci\u00f3n de estad\u00edstica y censos de la ciudad de Buenos Aires inform\u00f3 el dato del mes pasado, que fue el mayor desde que comenz\u00f3 a medirse en 2012; la suba de los alimentos fue del 14,1% el mes pasado y del 145,4%.<\/p>\n\n\n\n<p>\u201cDurante el mes de septiembre el \u00cdndice de Precios al Consumidor de la Ciudad de Buenos Aires (IPCBA &#8211; base 2021 = 100)1 registr\u00f3 un incremento de 12%, acumulando en los primeros nueve meses del a\u00f1o una suba de 101,3%. La trayectoria interanual -i.a- de este indicador se ubic\u00f3 en 140,9% (+13,6 puntos porcentuales -p.p.- por encima del mes previo)\u201d, precis\u00f3 el organismo que conduce Jos\u00e9 Donati.<\/p>\n","protected":false},"excerpt":{"rendered":"<p>La Direcci\u00f3n de estad\u00edstica y censos de la ciudad de Buenos Aires inform\u00f3 el dato del mes pasado, que fue el mayor desde que comenz\u00f3 a medirse en 2012; la suba de los alimentos fue del 14,1% el mes pasado y del 145,4%. \u201cDurante el mes de septiembre el \u00cdndice de Precios al Consumidor de [&hellip;]<\/p>\n","protected":false},"author":2,"featured_media":66020,"comment_status":"open","ping_status":"open","sticky":false,"template":"","format":"standard","meta":{"tdm_status":"","tdm_grid_status":"","_joinchat":[],"footnotes":""},"categories":[60],"tags":[],"class_list":{"0":"post-66019","1":"post","2":"type-post","3":"status-publish","4":"format-standard","5":"has-post-thumbnail","7":"category-economia"},"amp_enabled":true,"_links":{"self":[{"href":"https:\/\/www.todoeldia.com\/index.php\/wp-json\/wp\/v2\/posts\/66019","targetHints":{"allow":["GET"]}}],"collection":[{"href":"https:\/\/www.todoeldia.com\/index.php\/wp-json\/wp\/v2\/posts"}],"about":[{"href":"https:\/\/www.todoeldia.com\/index.php\/wp-json\/wp\/v2\/types\/post"}],"author":[{"embeddable":true,"href":"https:\/\/www.todoeldia.com\/index.php\/wp-json\/wp\/v2\/users\/2"}],"replies":[{"embeddable":true,"href":"https:\/\/www.todoeldia.com\/index.php\/wp-json\/wp\/v2\/comments?post=66019"}],"version-history":[{"count":1,"href":"https:\/\/www.todoeldia.com\/index.php\/wp-json\/wp\/v2\/posts\/66019\/revisions"}],"predecessor-version":[{"id":66021,"href":"https:\/\/www.todoeldia.com\/index.php\/wp-json\/wp\/v2\/posts\/66019\/revisions\/66021"}],"wp:featuredmedia":[{"embeddable":true,"href":"https:\/\/www.todoeldia.com\/index.php\/wp-json\/wp\/v2\/media\/66020"}],"wp:attachment":[{"href":"https:\/\/www.todoeldia.com\/index.php\/wp-json\/wp\/v2\/media?parent=66019"}],"wp:term":[{"taxonomy":"category","embeddable":true,"href":"https:\/\/www.todoeldia.com\/index.php\/wp-json\/wp\/v2\/categories?post=66019"},{"taxonomy":"post_tag","embeddable":true,"href":"https:\/\/www.todoeldia.com\/index.php\/wp-json\/wp\/v2\/tags?post=66019"}],"curies":[{"name":"wp","href":"https:\/\/api.w.org\/{rel}","templated":true}]}}