{"id":66023,"date":"2023-10-07T11:50:09","date_gmt":"2023-10-07T14:50:09","guid":{"rendered":"https:\/\/www.todoeldia.com\/?p=66023"},"modified":"2023-10-07T11:51:40","modified_gmt":"2023-10-07T14:51:40","slug":"detuvieron-en-oran-al-gringo-palavecino-delincuente-de-frondoso-prontuario","status":"publish","type":"post","link":"https:\/\/www.todoeldia.com\/index.php\/2023\/10\/07\/detuvieron-en-oran-al-gringo-palavecino-delincuente-de-frondoso-prontuario\/","title":{"rendered":"Detuvieron en Or\u00e1n al \u201cGringo\u201d Palavecino delincuente de frondoso prontuario"},"content":{"rendered":"\n<p>Despu\u00e9s de 4 a\u00f1os de b\u00fasqueda fue detenido el Or\u00e1n Cristian Gabriel \u201cGringo\u201d Palavecino, considerado uno de los delincuentes m\u00e1s peligrosos de los \u00faltimos tiempos.<\/p>\n\n\n\n<p>Para gran parte de la sociedad se hizo conocido cuando, en un video que difundi\u00f3 su familia en la vereda de tribunales, acusaba al empresario y pol\u00edtico Jos\u00e9 \u201cOso\u201d Ruiz de ser parte del robo a la empresa Abra del Sol. En esa oportunidad tambi\u00e9n indicaba la inocencia de su hijo de 17 a\u00f1os acusado en la misma causa.<\/p>\n\n\n\n<p>Palavecino estaba pr\u00f3fugo de la justicia que lo buscaba por m\u00faltiples causas, entre ellas 4 homicidios (sicariatos), robos calificados, narcotr\u00e1fico, entre otras.<\/p>\n\n\n\n<figure class=\"wp-block-image size-full\"><img loading=\"lazy\" decoding=\"async\" width=\"1024\" height=\"461\" src=\"https:\/\/www.todoeldia.com\/wp-content\/uploads\/2023\/10\/image-66.png\" alt=\"\" class=\"wp-image-66026\" srcset=\"https:\/\/www.todoeldia.com\/wp-content\/uploads\/2023\/10\/image-66.png 1024w, https:\/\/www.todoeldia.com\/wp-content\/uploads\/2023\/10\/image-66-300x135.png 300w, https:\/\/www.todoeldia.com\/wp-content\/uploads\/2023\/10\/image-66-768x346.png 768w, https:\/\/www.todoeldia.com\/wp-content\/uploads\/2023\/10\/image-66-696x313.png 696w, https:\/\/www.todoeldia.com\/wp-content\/uploads\/2023\/10\/image-66-933x420.png 933w\" sizes=\"auto, (max-width: 1024px) 100vw, 1024px\" \/><\/figure>\n\n\n\n<p>En la investigaci\u00f3n del homicidio de Ra\u00fal Mart\u00ednez y el ataque a Adri\u00e1n Ger\u00f3nimo, apareci\u00f3 el nombre del &#8220;Gringo&#8221; Palavecino, socio y hombre de confianza del \u201cCoya\u201d Rojas, que tambi\u00e9n fue se\u00f1alado en su momento como un cuarto hombre en el homicidio de Valdez Cari.<\/p>\n\n\n\n<p>Seg\u00fan se inform\u00f3 a NORTE YA, los efectivos policiales ingresaron en el b\u00fanker donde se escond\u00eda, intent\u00f3 escapar saltando una tapia, pero fue atrapado. Adem\u00e1s, le encontraron armas y hasta un chaleco antibalas de la polic\u00eda de C\u00f3rdoba.<\/p>\n\n\n\n<figure class=\"wp-block-image size-full is-resized\"><img loading=\"lazy\" decoding=\"async\" src=\"https:\/\/www.todoeldia.com\/wp-content\/uploads\/2023\/10\/image-67.png\" alt=\"\" class=\"wp-image-66027\" style=\"width:914px;height:1979px\" width=\"914\" height=\"1979\" srcset=\"https:\/\/www.todoeldia.com\/wp-content\/uploads\/2023\/10\/image-67.png 473w, https:\/\/www.todoeldia.com\/wp-content\/uploads\/2023\/10\/image-67-139x300.png 139w, https:\/\/www.todoeldia.com\/wp-content\/uploads\/2023\/10\/image-67-300x649.png 300w, https:\/\/www.todoeldia.com\/wp-content\/uploads\/2023\/10\/image-67-194x420.png 194w\" sizes=\"auto, (max-width: 914px) 100vw, 914px\" \/><\/figure>\n\n\n\n<p>Por la peligrosidad del \u201cGringo\u201d, fue trasladado directamente a la Unidad Carcelaria de Or\u00e1n.<\/p>\n\n\n\n<p>M\u00e1s de 100 efectivos participaron de un mega operativo que culmin\u00f3 con la detenci\u00f3n del \u201cGringo\u201d Palavecino, sobre quien reca\u00eda pedidos de captura internacional.<\/p>\n\n\n\n<p>Se allanaron simult\u00e1neamente 13 viviendas de la ciudad de San Ram\u00f3n de la Nueva Or\u00e1n, logrando la detenci\u00f3n del buscado y el secuestro de armas de fuego y otros elementos de inter\u00e9s.<\/p>\n","protected":false},"excerpt":{"rendered":"<p>Despu\u00e9s de 4 a\u00f1os de b\u00fasqueda fue detenido el Or\u00e1n Cristian Gabriel \u201cGringo\u201d Palavecino, considerado uno de los delincuentes m\u00e1s peligrosos de los \u00faltimos tiempos. Para gran parte de la sociedad se hizo conocido cuando, en un video que difundi\u00f3 su familia en la vereda de tribunales, acusaba al empresario y pol\u00edtico Jos\u00e9 \u201cOso\u201d Ruiz [&hellip;]<\/p>\n","protected":false},"author":2,"featured_media":66024,"comment_status":"open","ping_status":"open","sticky":false,"template":"","format":"standard","meta":{"tdm_status":"","tdm_grid_status":"","_joinchat":[],"footnotes":""},"categories":[63],"tags":[],"class_list":{"0":"post-66023","1":"post","2":"type-post","3":"status-publish","4":"format-standard","5":"has-post-thumbnail","7":"category-policiales"},"amp_enabled":true,"_links":{"self":[{"href":"https:\/\/www.todoeldia.com\/index.php\/wp-json\/wp\/v2\/posts\/66023","targetHints":{"allow":["GET"]}}],"collection":[{"href":"https:\/\/www.todoeldia.com\/index.php\/wp-json\/wp\/v2\/posts"}],"about":[{"href":"https:\/\/www.todoeldia.com\/index.php\/wp-json\/wp\/v2\/types\/post"}],"author":[{"embeddable":true,"href":"https:\/\/www.todoeldia.com\/index.php\/wp-json\/wp\/v2\/users\/2"}],"replies":[{"embeddable":true,"href":"https:\/\/www.todoeldia.com\/index.php\/wp-json\/wp\/v2\/comments?post=66023"}],"version-history":[{"count":2,"href":"https:\/\/www.todoeldia.com\/index.php\/wp-json\/wp\/v2\/posts\/66023\/revisions"}],"predecessor-version":[{"id":66029,"href":"https:\/\/www.todoeldia.com\/index.php\/wp-json\/wp\/v2\/posts\/66023\/revisions\/66029"}],"wp:featuredmedia":[{"embeddable":true,"href":"https:\/\/www.todoeldia.com\/index.php\/wp-json\/wp\/v2\/media\/66024"}],"wp:attachment":[{"href":"https:\/\/www.todoeldia.com\/index.php\/wp-json\/wp\/v2\/media?parent=66023"}],"wp:term":[{"taxonomy":"category","embeddable":true,"href":"https:\/\/www.todoeldia.com\/index.php\/wp-json\/wp\/v2\/categories?post=66023"},{"taxonomy":"post_tag","embeddable":true,"href":"https:\/\/www.todoeldia.com\/index.php\/wp-json\/wp\/v2\/tags?post=66023"}],"curies":[{"name":"wp","href":"https:\/\/api.w.org\/{rel}","templated":true}]}}