{"id":66816,"date":"2023-10-23T10:01:24","date_gmt":"2023-10-23T13:01:24","guid":{"rendered":"https:\/\/www.todoeldia.com\/?p=66816"},"modified":"2023-10-23T10:01:27","modified_gmt":"2023-10-23T13:01:27","slug":"todo-sigue-igual-con-massa-caos-en-aeroparque-por-una-medida-gremial-hay-mas-de-2-600-pasajeros-afectados","status":"publish","type":"post","link":"https:\/\/www.todoeldia.com\/index.php\/2023\/10\/23\/todo-sigue-igual-con-massa-caos-en-aeroparque-por-una-medida-gremial-hay-mas-de-2-600-pasajeros-afectados\/","title":{"rendered":"Todo sigue igual con Massa: caos en Aeroparque: por una medida gremial, hay m\u00e1s de 2.600 pasajeros afectados"},"content":{"rendered":"\n<p>Empleados de Intercargo, pertenecientes al gremio de la Asociaci\u00f3n del Personal Aeron\u00e1utico (APA), realizaban asambleas afectando el normal desarrollo de los servicios.<\/p>\n\n\n\n<p>Caos en el aeropuerto. Una veintena de vuelos est\u00e1n demorados, lo que afecta a m\u00e1s de 2.600 pasajeros, debido a una medida gremial llevada adelante por personal de la empresa de servicio de rampas Intercargo.<\/p>\n\n\n\n<p>Empleados de Intercargo, pertenecientes al gremio de la Asociaci\u00f3n del Personal Aeron\u00e1utico (APA), realizaban asambleas afectando el normal desarrollo de los servicios.<\/p>\n\n\n\n<p>La empresa Jet Smart inform\u00f3 a trav\u00e9s de un comunicado que la protesta &#8220;se efectu\u00f3 sin aviso previo&#8221; por parte de los trabajadores y aclararon que \u201cJet SMART es cliente de Intercargo y no tiene personal propio que tenga que ver con las tareas que realiza el proveedor o que puedan estar dentro del encuadre sindical de APA\u201d.<\/p>\n\n\n\n<p>En el comunicado, la empresa a\u00e9rea low cost indic\u00f3 que &#8220;se ha visto obligada a reprogramar 14 vuelos, desde y hacia Aeroparque, por lo que se ven afectados m\u00e1s de 2.600 pasajeros que ten\u00edan programados sus vuelos para la ma\u00f1ana de hoy&#8221;.<\/p>\n","protected":false},"excerpt":{"rendered":"<p>Empleados de Intercargo, pertenecientes al gremio de la Asociaci\u00f3n del Personal Aeron\u00e1utico (APA), realizaban asambleas afectando el normal desarrollo de los servicios. Caos en el aeropuerto. Una veintena de vuelos est\u00e1n demorados, lo que afecta a m\u00e1s de 2.600 pasajeros, debido a una medida gremial llevada adelante por personal de la empresa de servicio de [&hellip;]<\/p>\n","protected":false},"author":2,"featured_media":66817,"comment_status":"open","ping_status":"open","sticky":false,"template":"","format":"standard","meta":{"tdm_status":"","tdm_grid_status":"","_joinchat":[],"footnotes":""},"categories":[59],"tags":[],"class_list":{"0":"post-66816","1":"post","2":"type-post","3":"status-publish","4":"format-standard","5":"has-post-thumbnail","7":"category-politica"},"amp_enabled":true,"_links":{"self":[{"href":"https:\/\/www.todoeldia.com\/index.php\/wp-json\/wp\/v2\/posts\/66816","targetHints":{"allow":["GET"]}}],"collection":[{"href":"https:\/\/www.todoeldia.com\/index.php\/wp-json\/wp\/v2\/posts"}],"about":[{"href":"https:\/\/www.todoeldia.com\/index.php\/wp-json\/wp\/v2\/types\/post"}],"author":[{"embeddable":true,"href":"https:\/\/www.todoeldia.com\/index.php\/wp-json\/wp\/v2\/users\/2"}],"replies":[{"embeddable":true,"href":"https:\/\/www.todoeldia.com\/index.php\/wp-json\/wp\/v2\/comments?post=66816"}],"version-history":[{"count":1,"href":"https:\/\/www.todoeldia.com\/index.php\/wp-json\/wp\/v2\/posts\/66816\/revisions"}],"predecessor-version":[{"id":66818,"href":"https:\/\/www.todoeldia.com\/index.php\/wp-json\/wp\/v2\/posts\/66816\/revisions\/66818"}],"wp:featuredmedia":[{"embeddable":true,"href":"https:\/\/www.todoeldia.com\/index.php\/wp-json\/wp\/v2\/media\/66817"}],"wp:attachment":[{"href":"https:\/\/www.todoeldia.com\/index.php\/wp-json\/wp\/v2\/media?parent=66816"}],"wp:term":[{"taxonomy":"category","embeddable":true,"href":"https:\/\/www.todoeldia.com\/index.php\/wp-json\/wp\/v2\/categories?post=66816"},{"taxonomy":"post_tag","embeddable":true,"href":"https:\/\/www.todoeldia.com\/index.php\/wp-json\/wp\/v2\/tags?post=66816"}],"curies":[{"name":"wp","href":"https:\/\/api.w.org\/{rel}","templated":true}]}}