{"id":66819,"date":"2023-10-23T10:28:50","date_gmt":"2023-10-23T13:28:50","guid":{"rendered":"https:\/\/www.todoeldia.com\/?p=66819"},"modified":"2023-10-23T10:52:35","modified_gmt":"2023-10-23T13:52:35","slug":"lo-que-se-esperaba-despues-de-las-elecciones-subio-la-nafta-en-algunas-ypf-de-cordoba","status":"publish","type":"post","link":"https:\/\/www.todoeldia.com\/index.php\/2023\/10\/23\/lo-que-se-esperaba-despues-de-las-elecciones-subio-la-nafta-en-algunas-ypf-de-cordoba\/","title":{"rendered":"Lo que se esperaba: despu\u00e9s de las elecciones YPF subi\u00f3 la nafta"},"content":{"rendered":"\n<p>Se trata del 33\u00b0 incremento en la gesti\u00f3n de Alberto Fern\u00e1ndez. Sucede luego del fin de semana con problemas para los conductores por faltantes en los comercios del ramo.<\/p>\n\n\n\n<p>El d\u00eda despu\u00e9s de las elecciones presidenciales en Argentina, que gan\u00f3 Sergio Massa, ministro de Econom\u00eda de la Naci\u00f3n, subieron los combustibles en las estaciones de YPF.<\/p>\n\n\n\n<p>Ya pas\u00f3 hace una semana atr\u00e1s, pero en las \u00faltimas horas se acentu\u00f3 la falta de combustible, sobre todo en las estaciones de servicio de la firma estatal YPF que tiene una diferencia de precio con respecto a las otras petroleras.<\/p>\n\n\n\n<p>\u201cHay estaciones con los conos puestos, otras que te venden pero con cupos\u201d, dijo un usuario. La incertidumbre que generaron las elecciones generales y el salto del d\u00f3lar llevar a que miles de usuarios intentaran llenar sus tanques a la espera de una semana \u201cmovida\u201d.<\/p>\n\n\n\n<p>Pero adem\u00e1s, este lunes por la ma\u00f1ana, playeros de distintas estaciones de servicio de la firma YPF confirmaron que en aquellos lugares donde a\u00fan se vende combustible (sobre todo naftas) sin inconvenientes, se registra una suba promedio de 10 pesos por litro.<\/p>\n\n\n\n<p>Se trata del 33\u00b0 incremento desde que Alberto Fern\u00e1ndez es presidente. <\/p>\n\n\n\n<p><\/p>\n","protected":false},"excerpt":{"rendered":"<p>Se trata del 33\u00b0 incremento en la gesti\u00f3n de Alberto Fern\u00e1ndez. Sucede luego del fin de semana con problemas para los conductores por faltantes en los comercios del ramo. El d\u00eda despu\u00e9s de las elecciones presidenciales en Argentina, que gan\u00f3 Sergio Massa, ministro de Econom\u00eda de la Naci\u00f3n, subieron los combustibles en las estaciones de [&hellip;]<\/p>\n","protected":false},"author":2,"featured_media":55121,"comment_status":"open","ping_status":"open","sticky":false,"template":"","format":"standard","meta":{"tdm_status":"","tdm_grid_status":"","_joinchat":[],"footnotes":""},"categories":[60,1],"tags":[],"class_list":{"0":"post-66819","1":"post","2":"type-post","3":"status-publish","4":"format-standard","5":"has-post-thumbnail","7":"category-economia","8":"category-sin-categoria"},"amp_enabled":true,"_links":{"self":[{"href":"https:\/\/www.todoeldia.com\/index.php\/wp-json\/wp\/v2\/posts\/66819","targetHints":{"allow":["GET"]}}],"collection":[{"href":"https:\/\/www.todoeldia.com\/index.php\/wp-json\/wp\/v2\/posts"}],"about":[{"href":"https:\/\/www.todoeldia.com\/index.php\/wp-json\/wp\/v2\/types\/post"}],"author":[{"embeddable":true,"href":"https:\/\/www.todoeldia.com\/index.php\/wp-json\/wp\/v2\/users\/2"}],"replies":[{"embeddable":true,"href":"https:\/\/www.todoeldia.com\/index.php\/wp-json\/wp\/v2\/comments?post=66819"}],"version-history":[{"count":2,"href":"https:\/\/www.todoeldia.com\/index.php\/wp-json\/wp\/v2\/posts\/66819\/revisions"}],"predecessor-version":[{"id":66834,"href":"https:\/\/www.todoeldia.com\/index.php\/wp-json\/wp\/v2\/posts\/66819\/revisions\/66834"}],"wp:featuredmedia":[{"embeddable":true,"href":"https:\/\/www.todoeldia.com\/index.php\/wp-json\/wp\/v2\/media\/55121"}],"wp:attachment":[{"href":"https:\/\/www.todoeldia.com\/index.php\/wp-json\/wp\/v2\/media?parent=66819"}],"wp:term":[{"taxonomy":"category","embeddable":true,"href":"https:\/\/www.todoeldia.com\/index.php\/wp-json\/wp\/v2\/categories?post=66819"},{"taxonomy":"post_tag","embeddable":true,"href":"https:\/\/www.todoeldia.com\/index.php\/wp-json\/wp\/v2\/tags?post=66819"}],"curies":[{"name":"wp","href":"https:\/\/api.w.org\/{rel}","templated":true}]}}