{"id":66821,"date":"2023-10-23T10:40:53","date_gmt":"2023-10-23T13:40:53","guid":{"rendered":"https:\/\/www.todoeldia.com\/?p=66821"},"modified":"2023-10-23T10:40:55","modified_gmt":"2023-10-23T13:40:55","slug":"dolor-en-el-mundo-de-la-musica-murio-johnny-allon","status":"publish","type":"post","link":"https:\/\/www.todoeldia.com\/index.php\/2023\/10\/23\/dolor-en-el-mundo-de-la-musica-murio-johnny-allon\/","title":{"rendered":"Dolor en el mundo de la m\u00fasica: muri\u00f3 Johnny Allon"},"content":{"rendered":"\n<p>El conductor y empresario musical ten\u00eda 82 a\u00f1os, Fue pionero en los shows televisivos y reivindic\u00f3 el g\u00e9nero popular, conocido como &#8220;bailanta&#8221;.<\/p>\n\n\n\n<p>El cantante, presentador y empresario musical Johnny Allon muri\u00f3 este domingo a los 82 a\u00f1os. El autor de las frases &#8220;cambiame la m\u00fasica&#8221; y &#8220;dale power&#8221;, arrastraba una larga trayectoria art\u00edstica, con pasos por el rock, la bailanta y m\u00faltiples estilos.<\/p>\n\n\n\n<p>Antonio Juan S\u00e1nchez, as\u00ed era su verdadero nombre, form\u00f3 parte de grupos musicales como Los Tammys, que ejecutaba covers de Los Beatles.<\/p>\n\n\n\n<p>Entre los covers en ingl\u00e9s que ten\u00eda estaban &#8220;Twist y gritos&#8221;, &#8220;Anochecer de un d\u00eda agitado&#8221;, &#8220;Ella te ama&#8221;, &#8220;Bailemos surfin'&#8221;, &#8220;La noche tiene mil ojos&#8221;, &#8220;Judy, Judy, Judy&#8221;, &#8220;Banco de colegio&#8221;, o &#8220;Me divierto&#8221;, entre otros.<\/p>\n\n\n\n<p>Nacido el 14 de febrero de 1941, Allon transit\u00f3 por varios proyectos, hasta que luego para mediados de los \u00b470 se volc\u00f3 hacia la m\u00fasica.<\/p>\n\n\n\n<p>Asimismo, fue el pionero de la difusi\u00f3n de los videoclips en la Argentina y su primer ciclo televisivo fue &#8220;Johnny Allon Show&#8221;, emitido entre 1978 y 1987 por el Canal 2 de La Plata. A partir de entonces, inici\u00f3 una exitosa carrera televisiva con los shows.<\/p>\n","protected":false},"excerpt":{"rendered":"<p>El conductor y empresario musical ten\u00eda 82 a\u00f1os, Fue pionero en los shows televisivos y reivindic\u00f3 el g\u00e9nero popular, conocido como &#8220;bailanta&#8221;. El cantante, presentador y empresario musical Johnny Allon muri\u00f3 este domingo a los 82 a\u00f1os. El autor de las frases &#8220;cambiame la m\u00fasica&#8221; y &#8220;dale power&#8221;, arrastraba una larga trayectoria art\u00edstica, con pasos [&hellip;]<\/p>\n","protected":false},"author":2,"featured_media":66822,"comment_status":"open","ping_status":"open","sticky":false,"template":"","format":"standard","meta":{"tdm_status":"","tdm_grid_status":"","_joinchat":[],"footnotes":""},"categories":[120],"tags":[],"class_list":{"0":"post-66821","1":"post","2":"type-post","3":"status-publish","4":"format-standard","5":"has-post-thumbnail","7":"category-espectaculos-2"},"amp_enabled":true,"_links":{"self":[{"href":"https:\/\/www.todoeldia.com\/index.php\/wp-json\/wp\/v2\/posts\/66821","targetHints":{"allow":["GET"]}}],"collection":[{"href":"https:\/\/www.todoeldia.com\/index.php\/wp-json\/wp\/v2\/posts"}],"about":[{"href":"https:\/\/www.todoeldia.com\/index.php\/wp-json\/wp\/v2\/types\/post"}],"author":[{"embeddable":true,"href":"https:\/\/www.todoeldia.com\/index.php\/wp-json\/wp\/v2\/users\/2"}],"replies":[{"embeddable":true,"href":"https:\/\/www.todoeldia.com\/index.php\/wp-json\/wp\/v2\/comments?post=66821"}],"version-history":[{"count":1,"href":"https:\/\/www.todoeldia.com\/index.php\/wp-json\/wp\/v2\/posts\/66821\/revisions"}],"predecessor-version":[{"id":66823,"href":"https:\/\/www.todoeldia.com\/index.php\/wp-json\/wp\/v2\/posts\/66821\/revisions\/66823"}],"wp:featuredmedia":[{"embeddable":true,"href":"https:\/\/www.todoeldia.com\/index.php\/wp-json\/wp\/v2\/media\/66822"}],"wp:attachment":[{"href":"https:\/\/www.todoeldia.com\/index.php\/wp-json\/wp\/v2\/media?parent=66821"}],"wp:term":[{"taxonomy":"category","embeddable":true,"href":"https:\/\/www.todoeldia.com\/index.php\/wp-json\/wp\/v2\/categories?post=66821"},{"taxonomy":"post_tag","embeddable":true,"href":"https:\/\/www.todoeldia.com\/index.php\/wp-json\/wp\/v2\/tags?post=66821"}],"curies":[{"name":"wp","href":"https:\/\/api.w.org\/{rel}","templated":true}]}}