{"id":66957,"date":"2023-10-24T19:57:18","date_gmt":"2023-10-24T22:57:18","guid":{"rendered":"https:\/\/www.todoeldia.com\/?p=66957"},"modified":"2023-10-24T19:58:49","modified_gmt":"2023-10-24T22:58:49","slug":"un-militar-y-un-comerciante-fueron-imputados-por-el-transporte-de-23-kilos-de-cocaina-detectados-en-las-lajitas","status":"publish","type":"post","link":"https:\/\/www.todoeldia.com\/index.php\/2023\/10\/24\/un-militar-y-un-comerciante-fueron-imputados-por-el-transporte-de-23-kilos-de-cocaina-detectados-en-las-lajitas\/","title":{"rendered":"Un militar y un comerciante fueron imputados por el transporte de 23 kilos de coca\u00edna detectados en Las Lajitas"},"content":{"rendered":"\n<p>El caso fue detectado en un puesto de control de la Gendarmer\u00eda Nacional, en Anta. Los acusados se dirig\u00edan a Chaco en un autom\u00f3vil. La droga viajaba oculta en un doble fondo del tanque de combustible.<\/p>\n\n\n\n<p>A instancia de una presentaci\u00f3n de la fiscal subrogante Paula Gallo, integrante del \u00e1rea de Atenci\u00f3n Inicial de la Unidad Fiscal Salta, la jueza federal de Garant\u00edas N\u00b02 de esa ciudad, Mariela Gim\u00e9nez, hizo lugar a la imputaci\u00f3n penal contra Facundo Alfonso y Carlos Palacio por el delito de transporte de estupefacientes, en calidad de autores.<\/p>\n\n\n\n<p>La decisi\u00f3n fue adoptada en una audiencia de formalizaci\u00f3n de la investigaci\u00f3n penal celebrada el 17 de octubre pasado. La jueza tambi\u00e9n hizo lugar al pedido de prisi\u00f3n preventiva de ambos acusados requerido por la fiscal.<\/p>\n\n\n\n<p>Al exponer el caso, la fiscal\u00eda explic\u00f3 que el 14 de octubre pasado Alfonso, sargento del Ej\u00e9rcito con revista en la Base de Apoyo Log\u00edstico ubicada en Resistencia, Chaco, conduc\u00eda un autom\u00f3vil Renault Sandero en el que viajaba junto a Palacio, de profesi\u00f3n comerciante. Explic\u00f3 que el veh\u00edculo fue detenido en la ruta 5 por personal de la Gendarmer\u00eda para su control, a la altura de la &#8220;Balanza de Vialidad, en la localidad de Las Lajitas, en el sur de la provincia.<\/p>\n\n\n\n<p>En esas circunstancias, Alfonso viajaba uniformado e indic\u00f3 que proven\u00eda de Tartagal, en el norte de Salta, y que se dirig\u00eda a Resistencia, repas\u00f3 la fiscal.<\/p>\n\n\n\n<p>A\u00f1adi\u00f3 que, mientras revisaban los papeles del rodado, se advirti\u00f3 un notable nerviosismo de parte del militar y que su semblante se agrav\u00f3 cuando se abri\u00f3 el ba\u00fal y se percibi\u00f3 un fuerte olor combustible. Explic\u00f3 que los gendarmes se percataron de que el asiento trasero estaba flojo y que los tornillos hab\u00edan sido removidos.<\/p>\n\n\n\n<p>Gallo refiri\u00f3 que, dado el estado de sospecha y con conocimiento e intervenci\u00f3n de la fiscal\u00eda, se traslad\u00f3 el auto a la base de Las Lajitas, donde un can antinarc\u00f3tico confirm\u00f3 la probable existencia de droga en el sector del tanque de combustible. All\u00ed se descubri\u00f3 la existencia de un doble fondo, del cual se extrajeron 23 paquetes con coca\u00edna, con un peso total de 23 kilos.<\/p>\n\n\n\n<p>La fiscal refiri\u00f3 que, a partir de ello fueron detenidos ambos ocupantes del veh\u00edculo y que se secuestraron a los acusados tres tel\u00e9fonos celulares y una suma de 120 mil pesos.<\/p>\n","protected":false},"excerpt":{"rendered":"<p>El caso fue detectado en un puesto de control de la Gendarmer\u00eda Nacional, en Anta. Los acusados se dirig\u00edan a Chaco en un autom\u00f3vil. La droga viajaba oculta en un doble fondo del tanque de combustible. A instancia de una presentaci\u00f3n de la fiscal subrogante Paula Gallo, integrante del \u00e1rea de Atenci\u00f3n Inicial de la [&hellip;]<\/p>\n","protected":false},"author":2,"featured_media":66681,"comment_status":"open","ping_status":"open","sticky":false,"template":"","format":"standard","meta":{"tdm_status":"","tdm_grid_status":"","_joinchat":[],"footnotes":""},"categories":[63],"tags":[],"class_list":{"0":"post-66957","1":"post","2":"type-post","3":"status-publish","4":"format-standard","5":"has-post-thumbnail","7":"category-policiales"},"amp_enabled":true,"_links":{"self":[{"href":"https:\/\/www.todoeldia.com\/index.php\/wp-json\/wp\/v2\/posts\/66957","targetHints":{"allow":["GET"]}}],"collection":[{"href":"https:\/\/www.todoeldia.com\/index.php\/wp-json\/wp\/v2\/posts"}],"about":[{"href":"https:\/\/www.todoeldia.com\/index.php\/wp-json\/wp\/v2\/types\/post"}],"author":[{"embeddable":true,"href":"https:\/\/www.todoeldia.com\/index.php\/wp-json\/wp\/v2\/users\/2"}],"replies":[{"embeddable":true,"href":"https:\/\/www.todoeldia.com\/index.php\/wp-json\/wp\/v2\/comments?post=66957"}],"version-history":[{"count":1,"href":"https:\/\/www.todoeldia.com\/index.php\/wp-json\/wp\/v2\/posts\/66957\/revisions"}],"predecessor-version":[{"id":66958,"href":"https:\/\/www.todoeldia.com\/index.php\/wp-json\/wp\/v2\/posts\/66957\/revisions\/66958"}],"wp:featuredmedia":[{"embeddable":true,"href":"https:\/\/www.todoeldia.com\/index.php\/wp-json\/wp\/v2\/media\/66681"}],"wp:attachment":[{"href":"https:\/\/www.todoeldia.com\/index.php\/wp-json\/wp\/v2\/media?parent=66957"}],"wp:term":[{"taxonomy":"category","embeddable":true,"href":"https:\/\/www.todoeldia.com\/index.php\/wp-json\/wp\/v2\/categories?post=66957"},{"taxonomy":"post_tag","embeddable":true,"href":"https:\/\/www.todoeldia.com\/index.php\/wp-json\/wp\/v2\/tags?post=66957"}],"curies":[{"name":"wp","href":"https:\/\/api.w.org\/{rel}","templated":true}]}}