{"id":66967,"date":"2023-10-25T10:14:12","date_gmt":"2023-10-25T13:14:12","guid":{"rendered":"https:\/\/www.todoeldia.com\/?p=66967"},"modified":"2023-10-25T10:35:19","modified_gmt":"2023-10-25T13:35:19","slug":"macri-y-bullrich-se-reunieron-anoche-con-milei-y-negociaron-su-apoyo-para-el-balotaje","status":"publish","type":"post","link":"https:\/\/www.todoeldia.com\/index.php\/2023\/10\/25\/macri-y-bullrich-se-reunieron-anoche-con-milei-y-negociaron-su-apoyo-para-el-balotaje\/","title":{"rendered":"Patricia Bullrich respaldar\u00e1 a Javier Milei en el balotaje"},"content":{"rendered":"\n<p>La candidata presidencial habl\u00f3 del tema con Mauricio Macri anoche. Este mi\u00e9rcoles hubo una tensa reuni\u00f3n de gabinete del PRO donde se produjo un fuerte enfrentamiento entre Waldo Wolff y Horacio Rodr\u00edguez Larreta.<\/p>\n\n\n\n<p>La titular del PRO est\u00e1 reunida en este momento con sus principales colaboradores en su casa para anticiparles lo que dir\u00e1, luego de una larga madrugada que incluy\u00f3 su reuni\u00f3n con Mauricio Macri y la posterior postergaci\u00f3n sin fecha del encuentro que los l\u00edderes del partido iban a mantener a las 11.<\/p>\n\n\n\n<p>Hubo versiones de una reuni\u00f3n entre Macri y Milei, e incluso de un llamado entre Macri y Bullrich con Milei, que fueron desmentidos por macristas y bullrichistas, pero todo indica que el PRO se apresta a definirse en favor del libertario para impedir el triunfo de Sergio Massa, el candidato oficialista.<\/p>\n\n\n\n<p>Si se confirma el anuncio, marcar\u00e1 la ruptura de Juntos por el Cambio. Lo confirm\u00f3 esta ma\u00f1ana el dirigente radical Ernesto Sanz, uno de los fundadores de la coalici\u00f3n. A las 14, los miembros del Comit\u00e9 Nacional de la UCR debatir\u00e1n la postura ante el balotaje, en medio de las opiniones de algunos dirigentes para respaldar a Massa en un claro rechazo a Milei.<\/p>\n\n\n\n<p><\/p>\n","protected":false},"excerpt":{"rendered":"<p>La candidata presidencial habl\u00f3 del tema con Mauricio Macri anoche. Este mi\u00e9rcoles hubo una tensa reuni\u00f3n de gabinete del PRO donde se produjo un fuerte enfrentamiento entre Waldo Wolff y Horacio Rodr\u00edguez Larreta. La titular del PRO est\u00e1 reunida en este momento con sus principales colaboradores en su casa para anticiparles lo que dir\u00e1, luego [&hellip;]<\/p>\n","protected":false},"author":2,"featured_media":66968,"comment_status":"open","ping_status":"open","sticky":false,"template":"","format":"standard","meta":{"tdm_status":"","tdm_grid_status":"","_joinchat":[],"footnotes":""},"categories":[59],"tags":[],"class_list":{"0":"post-66967","1":"post","2":"type-post","3":"status-publish","4":"format-standard","5":"has-post-thumbnail","7":"category-politica"},"amp_enabled":true,"_links":{"self":[{"href":"https:\/\/www.todoeldia.com\/index.php\/wp-json\/wp\/v2\/posts\/66967","targetHints":{"allow":["GET"]}}],"collection":[{"href":"https:\/\/www.todoeldia.com\/index.php\/wp-json\/wp\/v2\/posts"}],"about":[{"href":"https:\/\/www.todoeldia.com\/index.php\/wp-json\/wp\/v2\/types\/post"}],"author":[{"embeddable":true,"href":"https:\/\/www.todoeldia.com\/index.php\/wp-json\/wp\/v2\/users\/2"}],"replies":[{"embeddable":true,"href":"https:\/\/www.todoeldia.com\/index.php\/wp-json\/wp\/v2\/comments?post=66967"}],"version-history":[{"count":3,"href":"https:\/\/www.todoeldia.com\/index.php\/wp-json\/wp\/v2\/posts\/66967\/revisions"}],"predecessor-version":[{"id":66971,"href":"https:\/\/www.todoeldia.com\/index.php\/wp-json\/wp\/v2\/posts\/66967\/revisions\/66971"}],"wp:featuredmedia":[{"embeddable":true,"href":"https:\/\/www.todoeldia.com\/index.php\/wp-json\/wp\/v2\/media\/66968"}],"wp:attachment":[{"href":"https:\/\/www.todoeldia.com\/index.php\/wp-json\/wp\/v2\/media?parent=66967"}],"wp:term":[{"taxonomy":"category","embeddable":true,"href":"https:\/\/www.todoeldia.com\/index.php\/wp-json\/wp\/v2\/categories?post=66967"},{"taxonomy":"post_tag","embeddable":true,"href":"https:\/\/www.todoeldia.com\/index.php\/wp-json\/wp\/v2\/tags?post=66967"}],"curies":[{"name":"wp","href":"https:\/\/api.w.org\/{rel}","templated":true}]}}