{"id":66975,"date":"2023-10-25T14:08:55","date_gmt":"2023-10-25T17:08:55","guid":{"rendered":"https:\/\/www.todoeldia.com\/?p=66975"},"modified":"2023-10-25T14:08:59","modified_gmt":"2023-10-25T17:08:59","slug":"en-oran-condenan-a-10-anos-de-prision-a-un-hombre-por-abusar-de-su-hermana","status":"publish","type":"post","link":"https:\/\/www.todoeldia.com\/index.php\/2023\/10\/25\/en-oran-condenan-a-10-anos-de-prision-a-un-hombre-por-abusar-de-su-hermana\/","title":{"rendered":"En Or\u00e1n condenan a 10 a\u00f1os de prision a un hombre por abusar de su hermana"},"content":{"rendered":"\n<p>En juicio abreviado el juez de la Sala II del Tribunal de Juicio de Or\u00e1n, H\u00e9ctor Fabi\u00e1n Fayos, conden\u00f3 a un hombre de 28 a\u00f1os por ser autor de los delitos de abuso sexual con acceso carnal agravado por el v\u00ednculo y la convivencia preexistente con una menor de 18 a\u00f1os.<\/p>\n\n\n\n<p>Le impuso por ello la pena de diez a\u00f1os de prisi\u00f3n efectiva, y orden\u00f3 la extracci\u00f3n del material gen\u00e9tico del condenado, y su posterior incorporaci\u00f3n en el Banco de Datos Gen\u00e9ticos. El hombre continuar\u00e1 detenido y alojado en la C\u00e1rcel 3 de Or\u00e1n.<\/p>\n\n\n\n<p>La denuncia fue radicada por la hermana del acusado y de la v\u00edctima, el 18 de octubre del a\u00f1o pasado. Esa ma\u00f1ana, el sujeto ingres\u00f3 al dormitorio de su hermana de 16 a\u00f1os aprovechando que se encontraba sola en la vivienda. Luego de forcejear con ella la oblig\u00f3 a mantener relaciones sexuales, para luego irse de la casa.<\/p>\n\n\n\n<p>&nbsp;La denunciante agreg\u00f3 que su hermana le dijo que \u00e9l ya hab\u00eda intentado tocarla anteriormente. Este conviv\u00eda con ellas, pero por su situaci\u00f3n de consumo de sustancias prohibidas dorm\u00eda normalmente en la calle.<\/p>\n","protected":false},"excerpt":{"rendered":"<p>En juicio abreviado el juez de la Sala II del Tribunal de Juicio de Or\u00e1n, H\u00e9ctor Fabi\u00e1n Fayos, conden\u00f3 a un hombre de 28 a\u00f1os por ser autor de los delitos de abuso sexual con acceso carnal agravado por el v\u00ednculo y la convivencia preexistente con una menor de 18 a\u00f1os. Le impuso por ello [&hellip;]<\/p>\n","protected":false},"author":2,"featured_media":37875,"comment_status":"open","ping_status":"open","sticky":false,"template":"","format":"standard","meta":{"tdm_status":"","tdm_grid_status":"","_joinchat":[],"footnotes":""},"categories":[63],"tags":[],"class_list":{"0":"post-66975","1":"post","2":"type-post","3":"status-publish","4":"format-standard","5":"has-post-thumbnail","7":"category-policiales"},"amp_enabled":true,"_links":{"self":[{"href":"https:\/\/www.todoeldia.com\/index.php\/wp-json\/wp\/v2\/posts\/66975","targetHints":{"allow":["GET"]}}],"collection":[{"href":"https:\/\/www.todoeldia.com\/index.php\/wp-json\/wp\/v2\/posts"}],"about":[{"href":"https:\/\/www.todoeldia.com\/index.php\/wp-json\/wp\/v2\/types\/post"}],"author":[{"embeddable":true,"href":"https:\/\/www.todoeldia.com\/index.php\/wp-json\/wp\/v2\/users\/2"}],"replies":[{"embeddable":true,"href":"https:\/\/www.todoeldia.com\/index.php\/wp-json\/wp\/v2\/comments?post=66975"}],"version-history":[{"count":1,"href":"https:\/\/www.todoeldia.com\/index.php\/wp-json\/wp\/v2\/posts\/66975\/revisions"}],"predecessor-version":[{"id":66976,"href":"https:\/\/www.todoeldia.com\/index.php\/wp-json\/wp\/v2\/posts\/66975\/revisions\/66976"}],"wp:featuredmedia":[{"embeddable":true,"href":"https:\/\/www.todoeldia.com\/index.php\/wp-json\/wp\/v2\/media\/37875"}],"wp:attachment":[{"href":"https:\/\/www.todoeldia.com\/index.php\/wp-json\/wp\/v2\/media?parent=66975"}],"wp:term":[{"taxonomy":"category","embeddable":true,"href":"https:\/\/www.todoeldia.com\/index.php\/wp-json\/wp\/v2\/categories?post=66975"},{"taxonomy":"post_tag","embeddable":true,"href":"https:\/\/www.todoeldia.com\/index.php\/wp-json\/wp\/v2\/tags?post=66975"}],"curies":[{"name":"wp","href":"https:\/\/api.w.org\/{rel}","templated":true}]}}