{"id":66986,"date":"2023-10-25T19:10:33","date_gmt":"2023-10-25T22:10:33","guid":{"rendered":"https:\/\/www.todoeldia.com\/?p=66986"},"modified":"2023-10-25T19:10:35","modified_gmt":"2023-10-25T22:10:35","slug":"fuerte-critica-de-morales-y-lousteau-a-bullrich-y-macri-tras-el-pacto-con-milei-estan-fuera-de-la-coalicion","status":"publish","type":"post","link":"https:\/\/www.todoeldia.com\/index.php\/2023\/10\/25\/fuerte-critica-de-morales-y-lousteau-a-bullrich-y-macri-tras-el-pacto-con-milei-estan-fuera-de-la-coalicion\/","title":{"rendered":"Fuerte cr\u00edtica de Morales y Lousteau a Bullrich y Macri tras el pacto con Milei: \u201cEst\u00e1n fuera de la coalici\u00f3n\u201d"},"content":{"rendered":"\n<p>\u201cMacri es el gran responsable de la derrota de Juntos por el Cambio\u201d, dijo el titular del radicalismo. Con el senador al lado, expresaron dur\u00edsimas cr\u00edticas contra el fundador del PRO y la ex candidata a presidenta.<br>Gerardo Morales y Mart\u00edn Lousteau, titulares de la conducci\u00f3n del radicalismo, rechazaron en forma terminante el pacto entre Mauricio Macri, Patricia Bullrich y Javier Milei, de cara al balotaje del 19 de noviembre, y acusaron a esos dos referentes del PRO de romper Juntos por el Cambio.<\/p>\n\n\n\n<p>Sin ocultar un notable malestar, Morales responsabiliz\u00f3 al ex presidente Macri por la derrota en las elecciones generales, donde el espacio qued\u00f3 en tercer lugar, muy lejos de ingresar en el balotaje que tendr\u00e1 a Massa y Milei disputando la presidencia.<\/p>\n\n\n\n<p>El Comit\u00e9 Nacional de la Uni\u00f3n C\u00edvica Radical, ratific\u00f3 esta tarde que adoptar\u00e1 una posici\u00f3n de neutralidad de cara al \u00faltimo turno electoral para definir al pr\u00f3ximo presidente de la Naci\u00f3n. Lo hizo horas despu\u00e9s del pronunciamiento de Patricia Bullrich, ex candidata a presidenta de Juntos por el Cambio, quien respaldar\u00e1 a Milei.<\/p>\n\n\n\n<p>Luego de participar de la elaboraci\u00f3n del documento, el actual gobernador de Jujuy dijo que le dio \u201cverg\u00fcenza ajena\u201d la conferencia de prensa que brindaron Bullrich y Luis Petri, quien fue su compa\u00f1ero de f\u00f3rmula, respaldando a Milei, y los separ\u00f3 incluso del resto de la dirigencia del PRO.<\/p>\n","protected":false},"excerpt":{"rendered":"<p>\u201cMacri es el gran responsable de la derrota de Juntos por el Cambio\u201d, dijo el titular del radicalismo. Con el senador al lado, expresaron dur\u00edsimas cr\u00edticas contra el fundador del PRO y la ex candidata a presidenta.Gerardo Morales y Mart\u00edn Lousteau, titulares de la conducci\u00f3n del radicalismo, rechazaron en forma terminante el pacto entre Mauricio [&hellip;]<\/p>\n","protected":false},"author":2,"featured_media":66987,"comment_status":"open","ping_status":"open","sticky":false,"template":"","format":"standard","meta":{"tdm_status":"","tdm_grid_status":"","_joinchat":[],"footnotes":""},"categories":[59],"tags":[],"class_list":{"0":"post-66986","1":"post","2":"type-post","3":"status-publish","4":"format-standard","5":"has-post-thumbnail","7":"category-politica"},"amp_enabled":true,"_links":{"self":[{"href":"https:\/\/www.todoeldia.com\/index.php\/wp-json\/wp\/v2\/posts\/66986","targetHints":{"allow":["GET"]}}],"collection":[{"href":"https:\/\/www.todoeldia.com\/index.php\/wp-json\/wp\/v2\/posts"}],"about":[{"href":"https:\/\/www.todoeldia.com\/index.php\/wp-json\/wp\/v2\/types\/post"}],"author":[{"embeddable":true,"href":"https:\/\/www.todoeldia.com\/index.php\/wp-json\/wp\/v2\/users\/2"}],"replies":[{"embeddable":true,"href":"https:\/\/www.todoeldia.com\/index.php\/wp-json\/wp\/v2\/comments?post=66986"}],"version-history":[{"count":1,"href":"https:\/\/www.todoeldia.com\/index.php\/wp-json\/wp\/v2\/posts\/66986\/revisions"}],"predecessor-version":[{"id":66988,"href":"https:\/\/www.todoeldia.com\/index.php\/wp-json\/wp\/v2\/posts\/66986\/revisions\/66988"}],"wp:featuredmedia":[{"embeddable":true,"href":"https:\/\/www.todoeldia.com\/index.php\/wp-json\/wp\/v2\/media\/66987"}],"wp:attachment":[{"href":"https:\/\/www.todoeldia.com\/index.php\/wp-json\/wp\/v2\/media?parent=66986"}],"wp:term":[{"taxonomy":"category","embeddable":true,"href":"https:\/\/www.todoeldia.com\/index.php\/wp-json\/wp\/v2\/categories?post=66986"},{"taxonomy":"post_tag","embeddable":true,"href":"https:\/\/www.todoeldia.com\/index.php\/wp-json\/wp\/v2\/tags?post=66986"}],"curies":[{"name":"wp","href":"https:\/\/api.w.org\/{rel}","templated":true}]}}