{"id":67203,"date":"2023-10-30T10:12:02","date_gmt":"2023-10-30T13:12:02","guid":{"rendered":"https:\/\/www.todoeldia.com\/?p=67203"},"modified":"2023-10-30T10:12:41","modified_gmt":"2023-10-30T13:12:41","slug":"denuncian-que-cruz-fue-visto-en-villa-las-rosas-a-dias-del-traslado-de-palavecino","status":"publish","type":"post","link":"https:\/\/www.todoeldia.com\/index.php\/2023\/10\/30\/denuncian-que-cruz-fue-visto-en-villa-las-rosas-a-dias-del-traslado-de-palavecino\/","title":{"rendered":"Denuncian que Cruz fue visto en Villa Las Rosas a d\u00edas del traslado de Palavecino"},"content":{"rendered":"\n<p>La presencia del ex secretario de Seguridad Benjam\u00edn Cruz, y actual vocal del Tribunal de Cuentas de la Municipalidad, en el penal local de Villa Las Rosas fue denunciada por la abogada Liliana Mazzone, defensora de Cristi\u00e1n \u201cGringo\u201d Palavecino.<\/p>\n\n\n\n<p>La letrada, en una amplia denuncia, seg\u00fan Nuevo Diario, revel\u00f3 que vio al ex funcionario cuando discut\u00eda con las autoridades penitenciarias, ya que no la dejaban tener contacto con su cliente.<\/p>\n\n\n\n<p>Liliana Mazzone, seg\u00fan la denuncia, vio a Benjam\u00edn Cruz el lunes pasado a la tarde, cuando sal\u00eda por el acceso a funcionarios, lo que le llam\u00f3 la atenci\u00f3n. Sostuvo que, durante toda esa jornada, hab\u00eda mantenido fuertes cruces con las autoridades del Servicio Penitenciario debido a que no le permit\u00edan tener contacto con Cristian Palavecino, quien fue trasladado de manera sorpresiva el 20 de octubre al penal de Villa Las Rosas, dos d\u00edas antes de las elecciones generales.<\/p>\n\n\n\n<p>La letrada lo vio salir y no desaprovech\u00f3 el momento, pues habl\u00f3 con \u00e9l y le reclam\u00f3 el mal momento que atravesaba con las autoridades carcelarias respecto a la imposibilidad de ver a Palavecino, sindicado por la fiscal\u00eda de Or\u00e1n, e incluso por el propio Procurador General, Pedro Garc\u00eda Castiella, como uno de los criminales m\u00e1s peligroso del norte provincial, vinculado a hechos de \u201csicariato\u201d y otros il\u00edcitos de narcotr\u00e1fico.<\/p>\n\n\n\n<p>En la denuncia, la abogada no mencion\u00f3 el detalle de la charla con el ex secretario de seguridad, pero s\u00ed dej\u00f3 expuesta la llamativa presencia del ex funcionario, a d\u00edas de la llegada de Palavecino al penal local.<\/p>\n\n\n\n<figure class=\"wp-block-image size-full is-resized\"><img loading=\"lazy\" decoding=\"async\" src=\"https:\/\/www.todoeldia.com\/wp-content\/uploads\/2022\/01\/carcel-villa-las-rosas.jpg\" alt=\"\" class=\"wp-image-32788\" style=\"width:1068px;height:522px\" width=\"1068\" height=\"522\"\/><\/figure>\n\n\n\n<p>En el Tribunal de Cuentas<\/p>\n\n\n\n<p>No deja de llamar la atenci\u00f3n que Cruz, ante el traslado de Palavecino al penal local, se haga presente en dicha unidad carcelaria, en especial, porque su nueva funci\u00f3n en nada explica que haya ido a visitar el penal, por lo que cae de maduro que su visita podr\u00eda estar relacionada a la presencia del detenido trasladado de Or\u00e1n.<\/p>\n\n\n\n<p>Cruz, en tanto y al verse en el ojo de la tormenta, se desvincul\u00f3 de Monge y carg\u00f3 las tintas en Sarmiento, quien se cerr\u00f3 e indic\u00f3 que fue el ex secretario el que dio la orden para que Monge visite a D\u00edaz. Asimismo, se especul\u00f3 que el motivo de tal encuentro era el cobro espurio de dinero, a cambio de evitar el traslado o ciertos beneficios para el sicario.<\/p>\n\n\n\n<p>Como sea, Cruz logr\u00f3 refugiarse en la Municipalidad, donde la intendenta, Bettina Romero, le dio asilo como secretario de Gobierno, mientras que hace unos meses, le asegur\u00f3 un mayor lugar de resguardo al proponerlo como vocal del Tribunal de Cuentas, pese a su presunto desconocimiento en materia contable.<\/p>\n\n\n\n<p>Su gesti\u00f3n y la muerte de Dar\u00edo Monge<\/p>\n\n\n\n<p>\u201cSolicito se investigue este hecho y se requiera al jefe de la unidad carcelaria de Villa Las Rosas el motivo por el cual un ex secretario de seguridad vinculado a graves irregularidades en el servicio penitenciario, lo que termin\u00f3 con el asesinato de (Dar\u00edo) Monge el 3 de septiembre del a\u00f1o pasado\u201d, requiri\u00f3 la letrada respecto a la presencia de Cruz en la c\u00e1rcel.<\/p>\n\n\n\n<p>La abogada dijo que la presencia de Cruz \u201cme hace pensar que es probable que est\u00e9 impidiendo el contacto de los abogados con el detenido\u201d, con lo cual sembr\u00f3 serias dudas en torno al ex funcionario, una situaci\u00f3n que no es nueva, ya que tras la muerte de Monge salt\u00f3 a luz un incidente en otra unidad carcelaria, en el que el ex funcionario estuvo implicado.<\/p>\n\n\n\n<p>Como es de p\u00fablico conocimiento, el asesinato de Monge, ejecutado de cinco tiros en la zona sudeste de la ciudad, desencaden\u00f3 un esc\u00e1ndalo, pues al investigar los \u00faltimos movimientos de la v\u00edctima se estableci\u00f3 que el 1 de junio se hab\u00eda presentado en la Unidad Carcelaria de Or\u00e1n para visitar a Oscar Alberto D\u00edaz, un peligroso sicario que hab\u00eda sido detenido unos d\u00edas antes.<\/p>\n\n\n\n<p>Para concretar ese encuentro, Monge -que no era abogado- dijo ser asesor del Ministerio de Seguridad y que era enviado por Cruz, quien en esa fecha era secretario de esa cartera, para hablar con D\u00edaz, incluso se estableci\u00f3 que el entonces subsecretario de Asuntos Penitenciario, \u00c1ngel Sarmiento, habr\u00eda avalado esa orden.<\/p>\n\n\n\n<p>Aunque se desconoce que hablaron Monge y D\u00edaz, el asunto gener\u00f3 gran revuelo, tanto que el fiscal penal Rodrigo Gonz\u00e1lez Miralpeix, inici\u00f3 una investigaci\u00f3n penal.<\/p>\n","protected":false},"excerpt":{"rendered":"<p>La presencia del ex secretario de Seguridad Benjam\u00edn Cruz, y actual vocal del Tribunal de Cuentas de la Municipalidad, en el penal local de Villa Las Rosas fue denunciada por la abogada Liliana Mazzone, defensora de Cristi\u00e1n \u201cGringo\u201d Palavecino. La letrada, en una amplia denuncia, seg\u00fan Nuevo Diario, revel\u00f3 que vio al ex funcionario cuando [&hellip;]<\/p>\n","protected":false},"author":2,"featured_media":21101,"comment_status":"open","ping_status":"open","sticky":false,"template":"","format":"standard","meta":{"tdm_status":"","tdm_grid_status":"","_joinchat":[],"footnotes":""},"categories":[59],"tags":[],"class_list":{"0":"post-67203","1":"post","2":"type-post","3":"status-publish","4":"format-standard","5":"has-post-thumbnail","7":"category-politica"},"amp_enabled":true,"_links":{"self":[{"href":"https:\/\/www.todoeldia.com\/index.php\/wp-json\/wp\/v2\/posts\/67203","targetHints":{"allow":["GET"]}}],"collection":[{"href":"https:\/\/www.todoeldia.com\/index.php\/wp-json\/wp\/v2\/posts"}],"about":[{"href":"https:\/\/www.todoeldia.com\/index.php\/wp-json\/wp\/v2\/types\/post"}],"author":[{"embeddable":true,"href":"https:\/\/www.todoeldia.com\/index.php\/wp-json\/wp\/v2\/users\/2"}],"replies":[{"embeddable":true,"href":"https:\/\/www.todoeldia.com\/index.php\/wp-json\/wp\/v2\/comments?post=67203"}],"version-history":[{"count":2,"href":"https:\/\/www.todoeldia.com\/index.php\/wp-json\/wp\/v2\/posts\/67203\/revisions"}],"predecessor-version":[{"id":67205,"href":"https:\/\/www.todoeldia.com\/index.php\/wp-json\/wp\/v2\/posts\/67203\/revisions\/67205"}],"wp:featuredmedia":[{"embeddable":true,"href":"https:\/\/www.todoeldia.com\/index.php\/wp-json\/wp\/v2\/media\/21101"}],"wp:attachment":[{"href":"https:\/\/www.todoeldia.com\/index.php\/wp-json\/wp\/v2\/media?parent=67203"}],"wp:term":[{"taxonomy":"category","embeddable":true,"href":"https:\/\/www.todoeldia.com\/index.php\/wp-json\/wp\/v2\/categories?post=67203"},{"taxonomy":"post_tag","embeddable":true,"href":"https:\/\/www.todoeldia.com\/index.php\/wp-json\/wp\/v2\/tags?post=67203"}],"curies":[{"name":"wp","href":"https:\/\/api.w.org\/{rel}","templated":true}]}}