{"id":67206,"date":"2023-10-30T10:16:29","date_gmt":"2023-10-30T13:16:29","guid":{"rendered":"https:\/\/www.todoeldia.com\/?p=67206"},"modified":"2023-10-30T10:16:31","modified_gmt":"2023-10-30T13:16:31","slug":"pidieron-el-cierre-del-balneario-xamena-porque-colapsaron-las-cloacas-por-falta-de-mantenimiento","status":"publish","type":"post","link":"https:\/\/www.todoeldia.com\/index.php\/2023\/10\/30\/pidieron-el-cierre-del-balneario-xamena-porque-colapsaron-las-cloacas-por-falta-de-mantenimiento\/","title":{"rendered":"Pidieron el cierre del Balneario Xamena porque colapsaron las cloacas por falta de mantenimiento"},"content":{"rendered":"\n<p>En el listado de espacios de recreaci\u00f3n venidos a menos durante los \u00faltimos a\u00f1os, el Camping Carlos Xamena, es uno de los que encabeza los reclamos. No s\u00f3lo por la demora en la habilitaci\u00f3n de la pileta municipal, atento las elevadas temperaturas, sino por las condiciones de las ca\u00f1er\u00edas e instalaciones sanitarias.<\/p>\n\n\n\n<p>Nuevo Diario accedi\u00f3 a un pedido efectuado por el administrador del Balneario, Julio Coria, dirigido a la Secretaria de la Juventud y Deportes, Josefina Ch\u00e1vez D\u00edaz, en la que solicita la urgente intervenci\u00f3n de la municipalidad para resolver, reparar y realizar la limpieza, cambio de ca\u00f1er\u00edas, construcci\u00f3n, reparaci\u00f3n, desobstrucci\u00f3n y vaciado de las c\u00e1maras s\u00e9pticas del predio.<\/p>\n\n\n\n<figure class=\"wp-block-image size-large\"><img loading=\"lazy\" decoding=\"async\" width=\"1024\" height=\"682\" src=\"https:\/\/www.todoeldia.com\/wp-content\/uploads\/2020\/12\/balneario-Xamena-6-1024x682.jpeg\" alt=\"\" class=\"wp-image-14065\" srcset=\"https:\/\/www.todoeldia.com\/wp-content\/uploads\/2020\/12\/balneario-Xamena-6-1024x682.jpeg 1024w, https:\/\/www.todoeldia.com\/wp-content\/uploads\/2020\/12\/balneario-Xamena-6-300x200.jpeg 300w, https:\/\/www.todoeldia.com\/wp-content\/uploads\/2020\/12\/balneario-Xamena-6-768x512.jpeg 768w, https:\/\/www.todoeldia.com\/wp-content\/uploads\/2020\/12\/balneario-Xamena-6-696x464.jpeg 696w, https:\/\/www.todoeldia.com\/wp-content\/uploads\/2020\/12\/balneario-Xamena-6-1068x712.jpeg 1068w, https:\/\/www.todoeldia.com\/wp-content\/uploads\/2020\/12\/balneario-Xamena-6-630x420.jpeg 630w, https:\/\/www.todoeldia.com\/wp-content\/uploads\/2020\/12\/balneario-Xamena-6.jpeg 1280w\" sizes=\"auto, (max-width: 1024px) 100vw, 1024px\" \/><\/figure>\n\n\n\n<p>As\u00ed relata que en el Balneario se detect\u00f3 humedad y emisi\u00f3n de mal olor en adyacencias&nbsp; a una de las c\u00e1maras, procediendo a la desobstrucci\u00f3n manual como soluci\u00f3n provisoria, ante numerosas quejas de usuarios y turistas. La situaci\u00f3n empeor\u00f3, y con el correr de los d\u00edas (se estima mediados de octubre), todas las c\u00e1maras colapsaron, requiriendo la intervenci\u00f3n del cami\u00f3n atmosf\u00e9rico de Aguas del Norte, para el vaciado correspondiente.<\/p>\n\n\n\n<p>No obstante, hubo una recomendaci\u00f3n expresa de solucionar la red cloacal del predio: \u201clos ca\u00f1os se encontraban destruidos totalmente\u201d, explica Coria en su misiva, poniendo \u00e9nfasis en la contaminaci\u00f3n reinante: \u201cestas aguas son pestilentes y se dispersan, emanando gases t\u00f3xicos perjudiciales\u201d, advierte.<\/p>\n\n\n\n<p>Piden el cierre<\/p>\n\n\n\n<p>\u201cDe esta situaci\u00f3n se puso en conocimiento a la superioridad, a los efectos de acelerar las gestiones para dar una respuesta inmediata a la problem\u00e1tica\u201d, sostiene la nota ingresada a la Municipalidad, reconociendo tambi\u00e9n, las medidas de fuerza que llevan adelante numerosos empleados municipales.<\/p>\n\n\n\n<p>No obstante Coria pidi\u00f3 la urgente intervenci\u00f3n de quien corresponda, o bien, la autorizaci\u00f3n para el cierre temporal del predio, para evitar mayores consecuencias, dado que se encuentra restringido el acceso a los sanitarios.<\/p>\n","protected":false},"excerpt":{"rendered":"<p>En el listado de espacios de recreaci\u00f3n venidos a menos durante los \u00faltimos a\u00f1os, el Camping Carlos Xamena, es uno de los que encabeza los reclamos. No s\u00f3lo por la demora en la habilitaci\u00f3n de la pileta municipal, atento las elevadas temperaturas, sino por las condiciones de las ca\u00f1er\u00edas e instalaciones sanitarias. Nuevo Diario accedi\u00f3 [&hellip;]<\/p>\n","protected":false},"author":2,"featured_media":17263,"comment_status":"open","ping_status":"open","sticky":false,"template":"","format":"standard","meta":{"tdm_status":"","tdm_grid_status":"","_joinchat":[],"footnotes":""},"categories":[73],"tags":[],"class_list":{"0":"post-67206","1":"post","2":"type-post","3":"status-publish","4":"format-standard","5":"has-post-thumbnail","7":"category-noticias-general"},"amp_enabled":true,"_links":{"self":[{"href":"https:\/\/www.todoeldia.com\/index.php\/wp-json\/wp\/v2\/posts\/67206","targetHints":{"allow":["GET"]}}],"collection":[{"href":"https:\/\/www.todoeldia.com\/index.php\/wp-json\/wp\/v2\/posts"}],"about":[{"href":"https:\/\/www.todoeldia.com\/index.php\/wp-json\/wp\/v2\/types\/post"}],"author":[{"embeddable":true,"href":"https:\/\/www.todoeldia.com\/index.php\/wp-json\/wp\/v2\/users\/2"}],"replies":[{"embeddable":true,"href":"https:\/\/www.todoeldia.com\/index.php\/wp-json\/wp\/v2\/comments?post=67206"}],"version-history":[{"count":1,"href":"https:\/\/www.todoeldia.com\/index.php\/wp-json\/wp\/v2\/posts\/67206\/revisions"}],"predecessor-version":[{"id":67207,"href":"https:\/\/www.todoeldia.com\/index.php\/wp-json\/wp\/v2\/posts\/67206\/revisions\/67207"}],"wp:featuredmedia":[{"embeddable":true,"href":"https:\/\/www.todoeldia.com\/index.php\/wp-json\/wp\/v2\/media\/17263"}],"wp:attachment":[{"href":"https:\/\/www.todoeldia.com\/index.php\/wp-json\/wp\/v2\/media?parent=67206"}],"wp:term":[{"taxonomy":"category","embeddable":true,"href":"https:\/\/www.todoeldia.com\/index.php\/wp-json\/wp\/v2\/categories?post=67206"},{"taxonomy":"post_tag","embeddable":true,"href":"https:\/\/www.todoeldia.com\/index.php\/wp-json\/wp\/v2\/tags?post=67206"}],"curies":[{"name":"wp","href":"https:\/\/api.w.org\/{rel}","templated":true}]}}