{"id":67220,"date":"2023-10-30T11:11:33","date_gmt":"2023-10-30T14:11:33","guid":{"rendered":"https:\/\/www.todoeldia.com\/?p=67220"},"modified":"2023-10-30T11:12:22","modified_gmt":"2023-10-30T14:12:22","slug":"tres-condenados-por-venta-de-drogas-en-atocha-y-villa-los-sauces","status":"publish","type":"post","link":"https:\/\/www.todoeldia.com\/index.php\/2023\/10\/30\/tres-condenados-por-venta-de-drogas-en-atocha-y-villa-los-sauces\/","title":{"rendered":"Tres condenados por venta de drogas en Atocha y Villa Los Sauces"},"content":{"rendered":"\n<p>En un procedimiento abreviado llevado a cabo en la Sala VI del Tribunal de Juicio, un sujeto de 36 a\u00f1os fue condenado a cuatro a\u00f1os y dos meses de prisi\u00f3n efectiva m\u00e1s multa por resultar autor del delito de tenencia de estupefacientes con fines de comercializaci\u00f3n. El juez Guillermo Pereyra lo declar\u00f3 reincidente por primera vez y orden\u00f3 su traslado a la Unidad Carcelaria 1.<\/p>\n\n\n\n<p>En el mismo fallo, otro sujeto de 29 a\u00f1os y una mujer de 31 fueron condenados a tres a\u00f1os de prisi\u00f3n condicional m\u00e1s multa como part\u00edcipes secundarios del mismo delito.<\/p>\n\n\n\n<p>Ambos seguir\u00e1n en libertad por la modalidad de la pena impuesta y deber\u00e1n cumplir reglas de conducta durante tres a\u00f1os. Entre ellas, abstenerse de abusar de bebidas alcoh\u00f3licas y no usar estupefacientes; someterse a un tratamiento psicol\u00f3gico y contra las adicciones y presentar las constancias correspondientes.<\/p>\n\n\n\n<p>Los tres condenados fueron denunciados an\u00f3nimamente a trav\u00e9s de la p\u00e1gina web del Ministerio P\u00fablico Fiscal. En el marco de la investigaci\u00f3n policial se registraron los domicilios de los imputados, en barrio Juan Bautista (Atocha) y Villa Los Sauces. Se secuestraron montos de dinero en efectivo y envoltorios con sustancia amarillenta en polvo que, en el narcotest, dio resultado positivo para coca\u00edna y sus derivados.<\/p>\n","protected":false},"excerpt":{"rendered":"<p>En un procedimiento abreviado llevado a cabo en la Sala VI del Tribunal de Juicio, un sujeto de 36 a\u00f1os fue condenado a cuatro a\u00f1os y dos meses de prisi\u00f3n efectiva m\u00e1s multa por resultar autor del delito de tenencia de estupefacientes con fines de comercializaci\u00f3n. El juez Guillermo Pereyra lo declar\u00f3 reincidente por primera [&hellip;]<\/p>\n","protected":false},"author":2,"featured_media":44870,"comment_status":"open","ping_status":"open","sticky":false,"template":"","format":"standard","meta":{"tdm_status":"","tdm_grid_status":"","_joinchat":[],"footnotes":""},"categories":[63],"tags":[],"class_list":{"0":"post-67220","1":"post","2":"type-post","3":"status-publish","4":"format-standard","5":"has-post-thumbnail","7":"category-policiales"},"amp_enabled":true,"_links":{"self":[{"href":"https:\/\/www.todoeldia.com\/index.php\/wp-json\/wp\/v2\/posts\/67220","targetHints":{"allow":["GET"]}}],"collection":[{"href":"https:\/\/www.todoeldia.com\/index.php\/wp-json\/wp\/v2\/posts"}],"about":[{"href":"https:\/\/www.todoeldia.com\/index.php\/wp-json\/wp\/v2\/types\/post"}],"author":[{"embeddable":true,"href":"https:\/\/www.todoeldia.com\/index.php\/wp-json\/wp\/v2\/users\/2"}],"replies":[{"embeddable":true,"href":"https:\/\/www.todoeldia.com\/index.php\/wp-json\/wp\/v2\/comments?post=67220"}],"version-history":[{"count":1,"href":"https:\/\/www.todoeldia.com\/index.php\/wp-json\/wp\/v2\/posts\/67220\/revisions"}],"predecessor-version":[{"id":67221,"href":"https:\/\/www.todoeldia.com\/index.php\/wp-json\/wp\/v2\/posts\/67220\/revisions\/67221"}],"wp:featuredmedia":[{"embeddable":true,"href":"https:\/\/www.todoeldia.com\/index.php\/wp-json\/wp\/v2\/media\/44870"}],"wp:attachment":[{"href":"https:\/\/www.todoeldia.com\/index.php\/wp-json\/wp\/v2\/media?parent=67220"}],"wp:term":[{"taxonomy":"category","embeddable":true,"href":"https:\/\/www.todoeldia.com\/index.php\/wp-json\/wp\/v2\/categories?post=67220"},{"taxonomy":"post_tag","embeddable":true,"href":"https:\/\/www.todoeldia.com\/index.php\/wp-json\/wp\/v2\/tags?post=67220"}],"curies":[{"name":"wp","href":"https:\/\/api.w.org\/{rel}","templated":true}]}}