{"id":67238,"date":"2023-10-30T13:47:48","date_gmt":"2023-10-30T16:47:48","guid":{"rendered":"https:\/\/www.todoeldia.com\/?p=67238"},"modified":"2023-10-30T13:48:00","modified_gmt":"2023-10-30T16:48:00","slug":"gerardo-molares-ya-da-asco-todo-lo-que-tenga-que-hacer-para-que-no-gane-milei-lo-voy-a-hacer","status":"publish","type":"post","link":"https:\/\/www.todoeldia.com\/index.php\/2023\/10\/30\/gerardo-molares-ya-da-asco-todo-lo-que-tenga-que-hacer-para-que-no-gane-milei-lo-voy-a-hacer\/","title":{"rendered":"\u00a1Gerardo Molares ya da asco! \u201cTodo lo que tenga que hacer para que no gane Milei lo voy a hacer\u201d"},"content":{"rendered":"\n<p>El dirigente radical apunt\u00f3 contra el candidato de La Libertad Avanza y volvi\u00f3 a criticar a Mauricio Macri por su pacto con el economista libertario. \u201cEs su jefe de campa\u00f1a\u201d, manifest\u00f3<\/p>\n\n\n\n<p>El gobernador de Jujuy, Gerardo Morales, volvi\u00f3 hoy a pronunciarse en contra del candidato presidencial Javier Milei, y ratific\u00f3 sus cr\u00edticas hacia el expresidente Mauricio Macri, a quien defini\u00f3 como un \u201cgran mentiroso\u201d.<\/p>\n\n\n\n<p>&nbsp;\u201cDespu\u00e9s de las PASO todos vimos como Macri reivindic\u00f3 a Milei. Ac\u00e1 hay un responsable con nombre y apellido. Mauricio Macri se ha convertido en el jefe de campa\u00f1a de Milei\u201d, manifest\u00f3 el referente radical en comunicaci\u00f3n con radio La Red.<\/p>\n\n\n\n<p>Teniendo en cuenta esto, Morales comparti\u00f3 su tajante postura de cara al balotaje del 19 de noviembre, en el que el economista libertario enfrentar\u00e1 al candidato oficialista, Sergio Massa. \u201cNosotros estamos convencidos de que el radicalismo ha establecido una posici\u00f3n institucional prescindente. Todo lo que tenga que hacer para que no gane Milei, lo voy a hacer. Ser\u00eda un riesgo para la democracia en la Argentina\u201d, revel\u00f3.<\/p>\n\n\n\n<p>El dirigente de la UCR ya se manifest\u00f3 en contra del pacto Macri-Milei. \u201cMauricio Macri no sabe de qu\u00e9 manera mentir. Javier Milei vendi\u00f3 los cargos, no conoce los l\u00edmites entre lo p\u00fablico y lo privado, puede ser el Gobierno m\u00e1s corrupto de la Argentina. M\u00e1s corrupto que el kirchnerismo. Me parece que es muy arriesgado lo que pide Mauricio Macri, adem\u00e1s de una gran mentira\u201d, se\u00f1al\u00f3.<\/p>\n\n\n\n<p>No obstante, el mandatario provincial tambi\u00e9n apunt\u00f3 contra la figura de Bullrich, quien en las \u00faltimas horas remarc\u00f3 que ella le hab\u00eda ganado a todos en la interna de Juntos por el Cambio. \u201cLo que le pasa a Patricia es que no puede justificar la indignidad que tuvo. Apela a algo que todo sabemos, que perdimos las PASO. Pero \u00bfcu\u00e1l es el derecho que le da?, por qu\u00e9 asume ella la representaci\u00f3n de los m\u00e1s de seis millones de votos que obtuvimos todos\u201d, expres\u00f3.<\/p>\n","protected":false},"excerpt":{"rendered":"<p>El dirigente radical apunt\u00f3 contra el candidato de La Libertad Avanza y volvi\u00f3 a criticar a Mauricio Macri por su pacto con el economista libertario. \u201cEs su jefe de campa\u00f1a\u201d, manifest\u00f3 El gobernador de Jujuy, Gerardo Morales, volvi\u00f3 hoy a pronunciarse en contra del candidato presidencial Javier Milei, y ratific\u00f3 sus cr\u00edticas hacia el expresidente [&hellip;]<\/p>\n","protected":false},"author":2,"featured_media":46562,"comment_status":"open","ping_status":"open","sticky":false,"template":"","format":"standard","meta":{"tdm_status":"","tdm_grid_status":"","_joinchat":[],"footnotes":""},"categories":[59],"tags":[],"class_list":{"0":"post-67238","1":"post","2":"type-post","3":"status-publish","4":"format-standard","5":"has-post-thumbnail","7":"category-politica"},"amp_enabled":true,"_links":{"self":[{"href":"https:\/\/www.todoeldia.com\/index.php\/wp-json\/wp\/v2\/posts\/67238","targetHints":{"allow":["GET"]}}],"collection":[{"href":"https:\/\/www.todoeldia.com\/index.php\/wp-json\/wp\/v2\/posts"}],"about":[{"href":"https:\/\/www.todoeldia.com\/index.php\/wp-json\/wp\/v2\/types\/post"}],"author":[{"embeddable":true,"href":"https:\/\/www.todoeldia.com\/index.php\/wp-json\/wp\/v2\/users\/2"}],"replies":[{"embeddable":true,"href":"https:\/\/www.todoeldia.com\/index.php\/wp-json\/wp\/v2\/comments?post=67238"}],"version-history":[{"count":1,"href":"https:\/\/www.todoeldia.com\/index.php\/wp-json\/wp\/v2\/posts\/67238\/revisions"}],"predecessor-version":[{"id":67239,"href":"https:\/\/www.todoeldia.com\/index.php\/wp-json\/wp\/v2\/posts\/67238\/revisions\/67239"}],"wp:featuredmedia":[{"embeddable":true,"href":"https:\/\/www.todoeldia.com\/index.php\/wp-json\/wp\/v2\/media\/46562"}],"wp:attachment":[{"href":"https:\/\/www.todoeldia.com\/index.php\/wp-json\/wp\/v2\/media?parent=67238"}],"wp:term":[{"taxonomy":"category","embeddable":true,"href":"https:\/\/www.todoeldia.com\/index.php\/wp-json\/wp\/v2\/categories?post=67238"},{"taxonomy":"post_tag","embeddable":true,"href":"https:\/\/www.todoeldia.com\/index.php\/wp-json\/wp\/v2\/tags?post=67238"}],"curies":[{"name":"wp","href":"https:\/\/api.w.org\/{rel}","templated":true}]}}