{"id":67240,"date":"2023-10-30T13:51:04","date_gmt":"2023-10-30T16:51:04","guid":{"rendered":"https:\/\/www.todoeldia.com\/?p=67240"},"modified":"2023-10-30T13:51:06","modified_gmt":"2023-10-30T16:51:06","slug":"espert-se-alineo-con-macri-y-respaldo-a-milei-para-el-balotaje-mi-opcion-para-la-segunda-vuelta-es-el","status":"publish","type":"post","link":"https:\/\/www.todoeldia.com\/index.php\/2023\/10\/30\/espert-se-alineo-con-macri-y-respaldo-a-milei-para-el-balotaje-mi-opcion-para-la-segunda-vuelta-es-el\/","title":{"rendered":"Espert se aline\u00f3 con Macri y respald\u00f3 a Milei para el balotaje: &#8220;Mi opci\u00f3n para la segunda vuelta es \u00e9l&#8221;"},"content":{"rendered":"\n<p>En plena tensi\u00f3n en Juntos por el Cambio el diputado nacional de Avanza Libertad, el liberal Jos\u00e9 Luis Espert, anticip\u00f3 su respaldo al candidato presidencial de La Libertad Avanza, Javier Milei, para el balotaje, en l\u00ednea con el expresidente, Mauricio Macri, y la jefa del PRO, Patricia Bullrich.<\/p>\n\n\n\n<p>Espert, integrante de JxC, anticip\u00f3: &#8220;Mi opci\u00f3n para la segunda vuelta es Milei&#8221;, y dijo que nunca apoyar\u00eda al kirchnerismo: &#8220;Lo combat\u00ed y sufr\u00ed en carne propia, y menos votar\u00eda menos a uno disfrazado de otra cosa que no lo es, como Sergio Massa&#8221;, en relaci\u00f3n al candidato del oficialismo que competir\u00e1 en segunda vuelta, al igual que el libertario.<\/p>\n\n\n\n<p>El diputado liberal plante\u00f3: &#8220;Milit\u00e9 el antikirchnerismo, combat\u00ed el kirchnerismo, lo sufr\u00ed en carne propia, el maldito expresidente, N\u00e9stor Kirchner, me inici\u00f3 una causa penal apen\u00e1s asumi\u00f3, por una denuncia de complot, me quer\u00eda meter preso por no opinar como \u00e9l&#8221;, en declaraciones a LN+.<\/p>\n","protected":false},"excerpt":{"rendered":"<p>En plena tensi\u00f3n en Juntos por el Cambio el diputado nacional de Avanza Libertad, el liberal Jos\u00e9 Luis Espert, anticip\u00f3 su respaldo al candidato presidencial de La Libertad Avanza, Javier Milei, para el balotaje, en l\u00ednea con el expresidente, Mauricio Macri, y la jefa del PRO, Patricia Bullrich. Espert, integrante de JxC, anticip\u00f3: &#8220;Mi opci\u00f3n [&hellip;]<\/p>\n","protected":false},"author":2,"featured_media":67241,"comment_status":"open","ping_status":"open","sticky":false,"template":"","format":"standard","meta":{"tdm_status":"","tdm_grid_status":"","_joinchat":[],"footnotes":""},"categories":[59],"tags":[],"class_list":{"0":"post-67240","1":"post","2":"type-post","3":"status-publish","4":"format-standard","5":"has-post-thumbnail","7":"category-politica"},"amp_enabled":true,"_links":{"self":[{"href":"https:\/\/www.todoeldia.com\/index.php\/wp-json\/wp\/v2\/posts\/67240","targetHints":{"allow":["GET"]}}],"collection":[{"href":"https:\/\/www.todoeldia.com\/index.php\/wp-json\/wp\/v2\/posts"}],"about":[{"href":"https:\/\/www.todoeldia.com\/index.php\/wp-json\/wp\/v2\/types\/post"}],"author":[{"embeddable":true,"href":"https:\/\/www.todoeldia.com\/index.php\/wp-json\/wp\/v2\/users\/2"}],"replies":[{"embeddable":true,"href":"https:\/\/www.todoeldia.com\/index.php\/wp-json\/wp\/v2\/comments?post=67240"}],"version-history":[{"count":1,"href":"https:\/\/www.todoeldia.com\/index.php\/wp-json\/wp\/v2\/posts\/67240\/revisions"}],"predecessor-version":[{"id":67242,"href":"https:\/\/www.todoeldia.com\/index.php\/wp-json\/wp\/v2\/posts\/67240\/revisions\/67242"}],"wp:featuredmedia":[{"embeddable":true,"href":"https:\/\/www.todoeldia.com\/index.php\/wp-json\/wp\/v2\/media\/67241"}],"wp:attachment":[{"href":"https:\/\/www.todoeldia.com\/index.php\/wp-json\/wp\/v2\/media?parent=67240"}],"wp:term":[{"taxonomy":"category","embeddable":true,"href":"https:\/\/www.todoeldia.com\/index.php\/wp-json\/wp\/v2\/categories?post=67240"},{"taxonomy":"post_tag","embeddable":true,"href":"https:\/\/www.todoeldia.com\/index.php\/wp-json\/wp\/v2\/tags?post=67240"}],"curies":[{"name":"wp","href":"https:\/\/api.w.org\/{rel}","templated":true}]}}