{"id":67243,"date":"2023-10-30T14:02:19","date_gmt":"2023-10-30T17:02:19","guid":{"rendered":"https:\/\/www.todoeldia.com\/?p=67243"},"modified":"2023-10-30T14:02:59","modified_gmt":"2023-10-30T17:02:59","slug":"esteban-bullrich-sumo-su-respaldo-a-milei-hoy-la-alternativa-es-una-sola","status":"publish","type":"post","link":"https:\/\/www.todoeldia.com\/index.php\/2023\/10\/30\/esteban-bullrich-sumo-su-respaldo-a-milei-hoy-la-alternativa-es-una-sola\/","title":{"rendered":"Esteban Bullrich sum\u00f3 su respaldo a Milei: &#8220;Hoy la alternativa es una sola&#8221;"},"content":{"rendered":"\n<p>El exsenador del PRO se mostr\u00f3 en concordancia con la postura adoptada por Patricia Bullrich y Mauricio Macri aunque pidi\u00f3 &#8220;evitar los discursos encendidos y los agravios personales entre dirigentes de la oposici\u00f3n&#8221;.<\/p>\n\n\n\n<p>El exsenador Esteban Bullrich sum\u00f3 su apoyo al candidato de la Libertad Avanza, Javier Milei, de cara a la segunda vuelta que disputar\u00e1 con el ministro de Econom\u00eda y aspirante de Uni\u00f3n por la Patria, Sergio Massa, el 19 de noviembre.<\/p>\n\n\n\n<p>&#8220;Comparto con Patricia y Mauricio que no podemos quedarnos de brazos cruzados mientras se consolida una nueva versi\u00f3n del viejo proyecto pol\u00edtico de siempre, que s\u00f3lo busca perpetuarse en el poder a costa de m\u00e1s hambre, pobreza y destrucci\u00f3n para los argentinos&#8221;, expres\u00f3 a trav\u00e9s de sus redes sociales.<\/p>\n\n\n\n<p>Aunque evit\u00f3 hacer menci\u00f3n directa del libertario, complet\u00f3: &#8220;Y hoy la alternativa a eso es una sola&#8221;.<\/p>\n","protected":false},"excerpt":{"rendered":"<p>El exsenador del PRO se mostr\u00f3 en concordancia con la postura adoptada por Patricia Bullrich y Mauricio Macri aunque pidi\u00f3 &#8220;evitar los discursos encendidos y los agravios personales entre dirigentes de la oposici\u00f3n&#8221;. El exsenador Esteban Bullrich sum\u00f3 su apoyo al candidato de la Libertad Avanza, Javier Milei, de cara a la segunda vuelta que [&hellip;]<\/p>\n","protected":false},"author":2,"featured_media":44738,"comment_status":"open","ping_status":"open","sticky":false,"template":"","format":"standard","meta":{"tdm_status":"","tdm_grid_status":"","_joinchat":[],"footnotes":""},"categories":[59],"tags":[],"class_list":{"0":"post-67243","1":"post","2":"type-post","3":"status-publish","4":"format-standard","5":"has-post-thumbnail","7":"category-politica"},"amp_enabled":true,"_links":{"self":[{"href":"https:\/\/www.todoeldia.com\/index.php\/wp-json\/wp\/v2\/posts\/67243","targetHints":{"allow":["GET"]}}],"collection":[{"href":"https:\/\/www.todoeldia.com\/index.php\/wp-json\/wp\/v2\/posts"}],"about":[{"href":"https:\/\/www.todoeldia.com\/index.php\/wp-json\/wp\/v2\/types\/post"}],"author":[{"embeddable":true,"href":"https:\/\/www.todoeldia.com\/index.php\/wp-json\/wp\/v2\/users\/2"}],"replies":[{"embeddable":true,"href":"https:\/\/www.todoeldia.com\/index.php\/wp-json\/wp\/v2\/comments?post=67243"}],"version-history":[{"count":1,"href":"https:\/\/www.todoeldia.com\/index.php\/wp-json\/wp\/v2\/posts\/67243\/revisions"}],"predecessor-version":[{"id":67244,"href":"https:\/\/www.todoeldia.com\/index.php\/wp-json\/wp\/v2\/posts\/67243\/revisions\/67244"}],"wp:featuredmedia":[{"embeddable":true,"href":"https:\/\/www.todoeldia.com\/index.php\/wp-json\/wp\/v2\/media\/44738"}],"wp:attachment":[{"href":"https:\/\/www.todoeldia.com\/index.php\/wp-json\/wp\/v2\/media?parent=67243"}],"wp:term":[{"taxonomy":"category","embeddable":true,"href":"https:\/\/www.todoeldia.com\/index.php\/wp-json\/wp\/v2\/categories?post=67243"},{"taxonomy":"post_tag","embeddable":true,"href":"https:\/\/www.todoeldia.com\/index.php\/wp-json\/wp\/v2\/tags?post=67243"}],"curies":[{"name":"wp","href":"https:\/\/api.w.org\/{rel}","templated":true}]}}