{"id":67254,"date":"2023-10-30T19:23:54","date_gmt":"2023-10-30T22:23:54","guid":{"rendered":"https:\/\/www.todoeldia.com\/?p=67254"},"modified":"2023-10-30T19:23:58","modified_gmt":"2023-10-30T22:23:58","slug":"dibu-martinez-fue-elegido-mejor-arquero-del-mundo-en-la-gala-del-balon-de-oro","status":"publish","type":"post","link":"https:\/\/www.todoeldia.com\/index.php\/2023\/10\/30\/dibu-martinez-fue-elegido-mejor-arquero-del-mundo-en-la-gala-del-balon-de-oro\/","title":{"rendered":"Dibu Mart\u00ednez fue elegido mejor arquero del mundo en la gala del Bal\u00f3n de Oro"},"content":{"rendered":"\n<p>El guardameta argentino se qued\u00f3 con el galard\u00f3n en su puesto. Agradeci\u00f3 a sus compa\u00f1eros de la Selecci\u00f3n y del Aston Villa y destac\u00f3 que \u201clo importante es ganar en grupo\u201d. La reacci\u00f3n del Didier Deschamps, DT de Francia, al ver la atajada a Kolo Muani en la final del Mundial.<\/p>\n\n\n\n<p>En un momento el ex delantero Didier Drogba, que ofici\u00f3 como conductor del evento, pidi\u00f3 que se terminaran los abucheos franceses en medio del discurso, con la atajada a Kolo Muani en la pantalla gigante. Una herida que, evidentemente en Francia, no cicatriz\u00f3. \u201cTienen que serenar los abucheos franceses, merci\u201d, dijo el marfile\u00f1o.<\/p>\n\n\n\n<p>Emiliano \u201cDibu\u201d Mart\u00ednez se llev\u00f3 el premio Lev Yashin al Mejor Arquero en la 67\u00b0 edici\u00f3n de la entrega del Bal\u00f3n de Oro en la gala de Par\u00eds. Fue un meritorio reconocimiento al guardameta campe\u00f3n mundial con la selecci\u00f3n argentina en Qatar 2022 y que tambi\u00e9n gan\u00f3 el mismo reconocimiento en la entrega de los Premios The Best 2022, que entreg\u00f3 la FIFA el pasado 27 de febrero.<\/p>\n\n\n\n<p>El marplatense de 31 a\u00f1os se adue\u00f1\u00f3 del arco de la selecci\u00f3n argentina en la Copa Am\u00e9rica 2021 que la Selecci\u00f3n gan\u00f3 en Brasil en 2021. Tuvo brillantes actuaciones como en los tres penales atajados ante Colombia en la definici\u00f3n de la semifinal, en el duelo que inmortaliz\u00f3 la frase \u201cest\u00e1s nervioso, eh. Te est\u00e1s riendo pero est\u00e1s nervioso. Hacete el boludo, ya te conozco a vos. Te gusta bailar. Mir\u00e1 que te como hermano, mir\u00e1 que te como\u201d.<\/p>\n","protected":false},"excerpt":{"rendered":"<p>El guardameta argentino se qued\u00f3 con el galard\u00f3n en su puesto. Agradeci\u00f3 a sus compa\u00f1eros de la Selecci\u00f3n y del Aston Villa y destac\u00f3 que \u201clo importante es ganar en grupo\u201d. La reacci\u00f3n del Didier Deschamps, DT de Francia, al ver la atajada a Kolo Muani en la final del Mundial. En un momento el [&hellip;]<\/p>\n","protected":false},"author":2,"featured_media":67255,"comment_status":"open","ping_status":"open","sticky":false,"template":"","format":"standard","meta":{"tdm_status":"","tdm_grid_status":"","_joinchat":[],"footnotes":""},"categories":[62],"tags":[],"class_list":{"0":"post-67254","1":"post","2":"type-post","3":"status-publish","4":"format-standard","5":"has-post-thumbnail","7":"category-deportes"},"amp_enabled":true,"_links":{"self":[{"href":"https:\/\/www.todoeldia.com\/index.php\/wp-json\/wp\/v2\/posts\/67254","targetHints":{"allow":["GET"]}}],"collection":[{"href":"https:\/\/www.todoeldia.com\/index.php\/wp-json\/wp\/v2\/posts"}],"about":[{"href":"https:\/\/www.todoeldia.com\/index.php\/wp-json\/wp\/v2\/types\/post"}],"author":[{"embeddable":true,"href":"https:\/\/www.todoeldia.com\/index.php\/wp-json\/wp\/v2\/users\/2"}],"replies":[{"embeddable":true,"href":"https:\/\/www.todoeldia.com\/index.php\/wp-json\/wp\/v2\/comments?post=67254"}],"version-history":[{"count":1,"href":"https:\/\/www.todoeldia.com\/index.php\/wp-json\/wp\/v2\/posts\/67254\/revisions"}],"predecessor-version":[{"id":67256,"href":"https:\/\/www.todoeldia.com\/index.php\/wp-json\/wp\/v2\/posts\/67254\/revisions\/67256"}],"wp:featuredmedia":[{"embeddable":true,"href":"https:\/\/www.todoeldia.com\/index.php\/wp-json\/wp\/v2\/media\/67255"}],"wp:attachment":[{"href":"https:\/\/www.todoeldia.com\/index.php\/wp-json\/wp\/v2\/media?parent=67254"}],"wp:term":[{"taxonomy":"category","embeddable":true,"href":"https:\/\/www.todoeldia.com\/index.php\/wp-json\/wp\/v2\/categories?post=67254"},{"taxonomy":"post_tag","embeddable":true,"href":"https:\/\/www.todoeldia.com\/index.php\/wp-json\/wp\/v2\/tags?post=67254"}],"curies":[{"name":"wp","href":"https:\/\/api.w.org\/{rel}","templated":true}]}}