{"id":6726,"date":"2020-09-25T10:40:24","date_gmt":"2020-09-25T13:40:24","guid":{"rendered":"https:\/\/www.todoeldia.com\/?p=6726"},"modified":"2020-09-25T10:40:25","modified_gmt":"2020-09-25T13:40:25","slug":"el-ministro-daniel-arroyo-dio-positivo-de-coronavirus","status":"publish","type":"post","link":"https:\/\/www.todoeldia.com\/index.php\/2020\/09\/25\/el-ministro-daniel-arroyo-dio-positivo-de-coronavirus\/","title":{"rendered":"El ministro Daniel Arroyo dio positivo de coronavirus"},"content":{"rendered":"\n<p>El ministro de Desarrollo Social confirm\u00f3 que el hisopado dio positivo de Covid-19. &nbsp;<\/p>\n\n\n\n<p>El ministro de Desarrollo Social de la Naci\u00f3n,&nbsp;Daniel&nbsp;Arroyo, confirm\u00f3 esta ma\u00f1ana que dio positivo en coronavirus, y adelant\u00f3 que continuar\u00e1 con sus tareas oficiales desde su domicilio y en forma remota.<\/p>\n\n\n\n<p>De esta forma, se convirti\u00f3 en el primer funcionario de primera l\u00ednea del Gabinete nacional en haber contra\u00eddo coronavirus desde la llegada de la pandemia al pa\u00eds. &#8220;Quiero contarles que di positivo de&nbsp;Covid-19. Tengo s\u00edntomas leves y me encuentro bien de \u00e1nimo&#8221;, inform\u00f3&nbsp;Arroyo&nbsp;a trav\u00e9s de su cuenta en Twitter, donde tambi\u00e9n indic\u00f3 que seguir\u00e1 &#8220;trabajando de forma remota&#8221;.<\/p>\n\n\n\n<p>Por \u00faltimo, el ministro de\u00a0Desarrollo Social\u00a0pidi\u00f3 a la poblaci\u00f3n: &#8220;Es muy importante que sigamos cuid\u00e1ndonos entre todas y todos&#8221;.<\/p>\n\n\n\n<figure class=\"wp-block-image size-large\"><img loading=\"lazy\" decoding=\"async\" width=\"1024\" height=\"541\" src=\"https:\/\/www.todoeldia.com\/wp-content\/uploads\/2020\/09\/arroyo-twitter-1024x541.jpg\" alt=\"\" class=\"wp-image-6728\" srcset=\"https:\/\/www.todoeldia.com\/wp-content\/uploads\/2020\/09\/arroyo-twitter-1024x541.jpg 1024w, https:\/\/www.todoeldia.com\/wp-content\/uploads\/2020\/09\/arroyo-twitter-300x158.jpg 300w, https:\/\/www.todoeldia.com\/wp-content\/uploads\/2020\/09\/arroyo-twitter-768x406.jpg 768w, https:\/\/www.todoeldia.com\/wp-content\/uploads\/2020\/09\/arroyo-twitter-696x368.jpg 696w, https:\/\/www.todoeldia.com\/wp-content\/uploads\/2020\/09\/arroyo-twitter-795x420.jpg 795w, https:\/\/www.todoeldia.com\/wp-content\/uploads\/2020\/09\/arroyo-twitter.jpg 1060w\" sizes=\"auto, (max-width: 1024px) 100vw, 1024px\" \/><\/figure>\n\n\n\n<p>A mediados de junio pasado,&nbsp;Arroyo&nbsp;hab\u00eda iniciado un protocolo de aislamiento por riesgo de contagio de coronavirus, tras haberse reunido con el intendente de Lomas de Zamora,&nbsp;Mart\u00edn Insaurralde, quien hab\u00eda confirmado resultado positivo de&nbsp;Covid-19.<\/p>\n\n\n\n<p>El 12 de junio,&nbsp;Arroyo&nbsp;iba a compartir con el presidente&nbsp;Alberto Fern\u00e1ndez&nbsp;un viaje a Catamarca, que debi\u00f3 ser suspendido ante el riesgo de contagio, pero finalmente el ministro dio negativo a la prueba.<\/p>\n\n\n\n<p>De esta forma, el funcionario se hab\u00eda convertido en el primer funcionario nacional en cuarentena estricta y, ahora, en el primer caso de positivo de coronavirus en la primera l\u00ednea del&nbsp;Gabinete de Gobierno.<\/p>\n","protected":false},"excerpt":{"rendered":"<p>El ministro de Desarrollo Social confirm\u00f3 que el hisopado dio positivo de Covid-19. &nbsp; El ministro de Desarrollo Social de la Naci\u00f3n,&nbsp;Daniel&nbsp;Arroyo, confirm\u00f3 esta ma\u00f1ana que dio positivo en coronavirus, y adelant\u00f3 que continuar\u00e1 con sus tareas oficiales desde su domicilio y en forma remota. De esta forma, se convirti\u00f3 en el primer funcionario de [&hellip;]<\/p>\n","protected":false},"author":2,"featured_media":6727,"comment_status":"open","ping_status":"open","sticky":false,"template":"","format":"standard","meta":{"tdm_status":"","tdm_grid_status":"","_joinchat":[],"footnotes":""},"categories":[73],"tags":[],"class_list":{"0":"post-6726","1":"post","2":"type-post","3":"status-publish","4":"format-standard","5":"has-post-thumbnail","7":"category-noticias-general"},"amp_enabled":true,"_links":{"self":[{"href":"https:\/\/www.todoeldia.com\/index.php\/wp-json\/wp\/v2\/posts\/6726","targetHints":{"allow":["GET"]}}],"collection":[{"href":"https:\/\/www.todoeldia.com\/index.php\/wp-json\/wp\/v2\/posts"}],"about":[{"href":"https:\/\/www.todoeldia.com\/index.php\/wp-json\/wp\/v2\/types\/post"}],"author":[{"embeddable":true,"href":"https:\/\/www.todoeldia.com\/index.php\/wp-json\/wp\/v2\/users\/2"}],"replies":[{"embeddable":true,"href":"https:\/\/www.todoeldia.com\/index.php\/wp-json\/wp\/v2\/comments?post=6726"}],"version-history":[{"count":1,"href":"https:\/\/www.todoeldia.com\/index.php\/wp-json\/wp\/v2\/posts\/6726\/revisions"}],"predecessor-version":[{"id":6729,"href":"https:\/\/www.todoeldia.com\/index.php\/wp-json\/wp\/v2\/posts\/6726\/revisions\/6729"}],"wp:featuredmedia":[{"embeddable":true,"href":"https:\/\/www.todoeldia.com\/index.php\/wp-json\/wp\/v2\/media\/6727"}],"wp:attachment":[{"href":"https:\/\/www.todoeldia.com\/index.php\/wp-json\/wp\/v2\/media?parent=6726"}],"wp:term":[{"taxonomy":"category","embeddable":true,"href":"https:\/\/www.todoeldia.com\/index.php\/wp-json\/wp\/v2\/categories?post=6726"},{"taxonomy":"post_tag","embeddable":true,"href":"https:\/\/www.todoeldia.com\/index.php\/wp-json\/wp\/v2\/tags?post=6726"}],"curies":[{"name":"wp","href":"https:\/\/api.w.org\/{rel}","templated":true}]}}