{"id":67263,"date":"2023-10-30T19:40:00","date_gmt":"2023-10-30T22:40:00","guid":{"rendered":"https:\/\/www.todoeldia.com\/?p=67263"},"modified":"2023-10-30T19:43:34","modified_gmt":"2023-10-30T22:43:34","slug":"balon-de-oro-2023-los-mejores-looks-de-la-alfombra-roja-mas-esperada-del-futbol","status":"publish","type":"post","link":"https:\/\/www.todoeldia.com\/index.php\/2023\/10\/30\/balon-de-oro-2023-los-mejores-looks-de-la-alfombra-roja-mas-esperada-del-futbol\/","title":{"rendered":"Bal\u00f3n de Oro 2023: los mejores looks de la alfombra roja m\u00e1s esperada del f\u00fatbol"},"content":{"rendered":"\n<p>Cuatro argentinos est\u00e1n nominados para el premio, con Lionel Messi como m\u00e1ximo candidato. Antes de la ceremonia en el Th\u00e9\u00e2tre du Ch\u00e2telet, en Par\u00eds, los jugadores m\u00e1s destacados del mundo, junto a sus parejas, mostraron todo su glamour.<\/p>\n\n\n\n<p>El Th\u00e9\u00e2tre du Ch\u00e2telet, en Par\u00eds, se visti\u00f3 de gala este lunes 30 de octubre, esperando con ansias la entrega del Bal\u00f3n de Oro por parte de la revista France Football. Con la victoria en la Copa del Mundo en Qatar 2022, cuatro jugadores del seleccionado nacional se encontraban entre los nominados para el prestigioso premio e hicieron gala de su estilo en la alfombra roja m\u00e1s esperada por el mundo del f\u00fatbol.<\/p>\n\n\n\n<p>En esta pasarela del glamour, tanto las estrellas del deporte como sus parejas muestran sus looks. Es que la alfombra roja que se despleg\u00f3 para recibir a los jugadores rebos\u00f3 con estilos \u00fanicos que fueron preparados meticulosamente para la ocasi\u00f3n.<\/p>\n\n\n\n<p>Es que m\u00e1s all\u00e1 de sus habilidades en el campo, con una temporada estelar que tiene a la Argentina en el centro de atenci\u00f3n, con Lionel Messi, Lautaro Mart\u00ednez, Juli\u00e1n \u00c1lvarez y Emiliano \u201cDibu\u201d Mart\u00ednez como figuras destacadas tras la Copa del Mundo, el Bal\u00f3n de Oro es una ocasi\u00f3n ideal para que estas figuras destaquen su presencia y elegancia.<\/p>\n\n\n\n<figure class=\"wp-block-image size-full is-resized\"><img loading=\"lazy\" decoding=\"async\" src=\"https:\/\/www.todoeldia.com\/wp-content\/uploads\/2023\/10\/image-236.png\" alt=\"\" class=\"wp-image-67265\" style=\"width:914px;height:512px\" width=\"914\" height=\"512\"\/><\/figure>\n\n\n\n<figure class=\"wp-block-image size-full is-resized\"><img loading=\"lazy\" decoding=\"async\" src=\"https:\/\/www.todoeldia.com\/wp-content\/uploads\/2023\/10\/image-237.png\" alt=\"\" class=\"wp-image-67266\" style=\"width:914px;height:576px\" width=\"914\" height=\"576\"\/><\/figure>\n\n\n\n<p><strong>Juli\u00e1n \u00c1lvarez, campe\u00f3n del mundo con Argentina, y su pareja Mar\u00eda Emilia Ferrero antes de la premiaci\u00f3n\u00a0<\/strong><\/p>\n\n\n\n<figure class=\"wp-block-image size-large is-resized\"><img loading=\"lazy\" decoding=\"async\" src=\"https:\/\/www.todoeldia.com\/wp-content\/uploads\/2023\/10\/image-238-683x1024.png\" alt=\"\" class=\"wp-image-67267\" style=\"width:914px;height:1024px\" width=\"914\" height=\"1024\"\/><\/figure>\n\n\n\n<p><strong>Agustina Gandolfo y Lautaro Mart\u00ednez posaron en la alfombra roja del Bal\u00f3n de Oro 2023. El delantero del Inter est\u00e1 entre los nominados<\/strong><\/p>\n\n\n\n<figure class=\"wp-block-image size-full is-resized\"><img loading=\"lazy\" decoding=\"async\" src=\"https:\/\/www.todoeldia.com\/wp-content\/uploads\/2023\/10\/image-239.png\" alt=\"\" class=\"wp-image-67268\" style=\"width:914px;height:1024px\" width=\"914\" height=\"1024\"\/><\/figure>\n\n\n\n<p><strong>Erling Haaland pos\u00f3 con su pareja Isabel Johansen, en este caso, con una elecci\u00f3n algo m\u00e1s brillosa y colorida que las de los futbolistas argentinos<\/strong><\/p>\n\n\n\n<figure class=\"wp-block-image size-large\"><img loading=\"lazy\" decoding=\"async\" width=\"683\" height=\"1024\" src=\"https:\/\/www.todoeldia.com\/wp-content\/uploads\/2023\/10\/image-240-683x1024.png\" alt=\"\" class=\"wp-image-67269\" srcset=\"https:\/\/www.todoeldia.com\/wp-content\/uploads\/2023\/10\/image-240-683x1024.png 683w, https:\/\/www.todoeldia.com\/wp-content\/uploads\/2023\/10\/image-240-200x300.png 200w, https:\/\/www.todoeldia.com\/wp-content\/uploads\/2023\/10\/image-240-300x450.png 300w, https:\/\/www.todoeldia.com\/wp-content\/uploads\/2023\/10\/image-240-696x1044.png 696w, https:\/\/www.todoeldia.com\/wp-content\/uploads\/2023\/10\/image-240-280x420.png 280w, https:\/\/www.todoeldia.com\/wp-content\/uploads\/2023\/10\/image-240.png 768w\" sizes=\"auto, (max-width: 683px) 100vw, 683px\" \/><\/figure>\n\n\n\n<p><strong>David Beckham y un traje cl\u00e1sico en azul marino, con el saco cerrado y la camisa blanca como detalles<\/strong><\/p>\n\n\n\n<figure class=\"wp-block-image size-full\"><img loading=\"lazy\" decoding=\"async\" width=\"768\" height=\"1024\" src=\"https:\/\/www.todoeldia.com\/wp-content\/uploads\/2023\/10\/image-241.png\" alt=\"\" class=\"wp-image-67270\" srcset=\"https:\/\/www.todoeldia.com\/wp-content\/uploads\/2023\/10\/image-241.png 768w, https:\/\/www.todoeldia.com\/wp-content\/uploads\/2023\/10\/image-241-225x300.png 225w, https:\/\/www.todoeldia.com\/wp-content\/uploads\/2023\/10\/image-241-300x400.png 300w, https:\/\/www.todoeldia.com\/wp-content\/uploads\/2023\/10\/image-241-696x928.png 696w, https:\/\/www.todoeldia.com\/wp-content\/uploads\/2023\/10\/image-241-315x420.png 315w\" sizes=\"auto, (max-width: 768px) 100vw, 768px\" \/><\/figure>\n\n\n\n<p><strong>El franc\u00e9s Kylian Mbappe lleg\u00f3 a la gala con un traje color gris cl\u00e1sico, acompa\u00f1ado de camisa y zapatos negros<\/strong><\/p>\n\n\n\n<figure class=\"wp-block-image size-full\"><img loading=\"lazy\" decoding=\"async\" width=\"768\" height=\"1024\" src=\"https:\/\/www.todoeldia.com\/wp-content\/uploads\/2023\/10\/image-242.png\" alt=\"\" class=\"wp-image-67271\" srcset=\"https:\/\/www.todoeldia.com\/wp-content\/uploads\/2023\/10\/image-242.png 768w, https:\/\/www.todoeldia.com\/wp-content\/uploads\/2023\/10\/image-242-225x300.png 225w, https:\/\/www.todoeldia.com\/wp-content\/uploads\/2023\/10\/image-242-300x400.png 300w, https:\/\/www.todoeldia.com\/wp-content\/uploads\/2023\/10\/image-242-696x928.png 696w, https:\/\/www.todoeldia.com\/wp-content\/uploads\/2023\/10\/image-242-315x420.png 315w\" sizes=\"auto, (max-width: 768px) 100vw, 768px\" \/><\/figure>\n\n\n\n<p><strong>Los jugadores del Real Madrid Jude Bellingham y Vinicius Junior en la alfombra roja. Ambos est\u00e1n nominados al Bal\u00f3n de Oro\u00a0<\/strong><\/p>\n\n\n\n<figure class=\"wp-block-image size-full is-resized\"><img loading=\"lazy\" decoding=\"async\" src=\"https:\/\/www.todoeldia.com\/wp-content\/uploads\/2023\/10\/image-243.png\" alt=\"\" class=\"wp-image-67272\" style=\"width:914px;height:512px\" width=\"914\" height=\"512\"\/><\/figure>\n\n\n\n<p><strong>El jugador portugu\u00e9s Bernardo Silva combin\u00f3 su look con el de su pareja, Ines Tomaz<\/strong><\/p>\n\n\n\n<figure class=\"wp-block-image size-full is-resized\"><img loading=\"lazy\" decoding=\"async\" src=\"https:\/\/www.todoeldia.com\/wp-content\/uploads\/2023\/10\/image-244.png\" alt=\"\" class=\"wp-image-67274\" style=\"width:914px;height:512px\" width=\"914\" height=\"512\"\/><\/figure>\n\n\n\n<p><strong>La jugadora del Barcelona, Salma Paralluelo, eligi\u00f3 un look azul marino, con un traje con chaleco y escote en v, dejando resaltar su piel morena\u00a0<\/strong><\/p>\n\n\n\n<figure class=\"wp-block-image size-large\"><img loading=\"lazy\" decoding=\"async\" width=\"683\" height=\"1024\" src=\"https:\/\/www.todoeldia.com\/wp-content\/uploads\/2023\/10\/image-245-683x1024.png\" alt=\"\" class=\"wp-image-67276\" srcset=\"https:\/\/www.todoeldia.com\/wp-content\/uploads\/2023\/10\/image-245-683x1024.png 683w, https:\/\/www.todoeldia.com\/wp-content\/uploads\/2023\/10\/image-245-200x300.png 200w, https:\/\/www.todoeldia.com\/wp-content\/uploads\/2023\/10\/image-245-300x450.png 300w, https:\/\/www.todoeldia.com\/wp-content\/uploads\/2023\/10\/image-245-696x1044.png 696w, https:\/\/www.todoeldia.com\/wp-content\/uploads\/2023\/10\/image-245-280x420.png 280w, https:\/\/www.todoeldia.com\/wp-content\/uploads\/2023\/10\/image-245.png 768w\" sizes=\"auto, (max-width: 683px) 100vw, 683px\" \/><\/figure>\n\n\n\n<p><strong>La futbolista espa\u00f1ola Alba Redondo pos\u00f3 con un vestido largo de color negro, un cl\u00e1sico que tiene un detalle en el escote, que es de un solo hombro, haci\u00e9ndolo m\u00e1s vistoso y vers\u00e1ti<\/strong><\/p>\n\n\n\n<figure class=\"wp-block-image size-full\"><img loading=\"lazy\" decoding=\"async\" width=\"768\" height=\"576\" src=\"https:\/\/www.todoeldia.com\/wp-content\/uploads\/2023\/10\/image-247.png\" alt=\"\" class=\"wp-image-67278\" srcset=\"https:\/\/www.todoeldia.com\/wp-content\/uploads\/2023\/10\/image-247.png 768w, https:\/\/www.todoeldia.com\/wp-content\/uploads\/2023\/10\/image-247-300x225.png 300w, https:\/\/www.todoeldia.com\/wp-content\/uploads\/2023\/10\/image-247-696x522.png 696w, https:\/\/www.todoeldia.com\/wp-content\/uploads\/2023\/10\/image-247-560x420.png 560w, https:\/\/www.todoeldia.com\/wp-content\/uploads\/2023\/10\/image-247-80x60.png 80w, https:\/\/www.todoeldia.com\/wp-content\/uploads\/2023\/10\/image-247-265x198.png 265w\" sizes=\"auto, (max-width: 768px) 100vw, 768px\" \/><\/figure>\n\n\n\n<p><strong>Aitana, futbolista del Barcelona, gan\u00f3 el Bal\u00f3n de Oro femenino en 2023. Eligi\u00f3 un vestido negro de Versace con un estilo sin tirantes, un cierre frontal y un body transl\u00facido adornado con pedrer\u00eda\u00a0<\/strong><\/p>\n","protected":false},"excerpt":{"rendered":"<p>Cuatro argentinos est\u00e1n nominados para el premio, con Lionel Messi como m\u00e1ximo candidato. Antes de la ceremonia en el Th\u00e9\u00e2tre du Ch\u00e2telet, en Par\u00eds, los jugadores m\u00e1s destacados del mundo, junto a sus parejas, mostraron todo su glamour. El Th\u00e9\u00e2tre du Ch\u00e2telet, en Par\u00eds, se visti\u00f3 de gala este lunes 30 de octubre, esperando con [&hellip;]<\/p>\n","protected":false},"author":2,"featured_media":67264,"comment_status":"open","ping_status":"open","sticky":false,"template":"","format":"standard","meta":{"tdm_status":"","tdm_grid_status":"","_joinchat":[],"footnotes":""},"categories":[73],"tags":[],"class_list":{"0":"post-67263","1":"post","2":"type-post","3":"status-publish","4":"format-standard","5":"has-post-thumbnail","7":"category-noticias-general"},"amp_enabled":true,"_links":{"self":[{"href":"https:\/\/www.todoeldia.com\/index.php\/wp-json\/wp\/v2\/posts\/67263","targetHints":{"allow":["GET"]}}],"collection":[{"href":"https:\/\/www.todoeldia.com\/index.php\/wp-json\/wp\/v2\/posts"}],"about":[{"href":"https:\/\/www.todoeldia.com\/index.php\/wp-json\/wp\/v2\/types\/post"}],"author":[{"embeddable":true,"href":"https:\/\/www.todoeldia.com\/index.php\/wp-json\/wp\/v2\/users\/2"}],"replies":[{"embeddable":true,"href":"https:\/\/www.todoeldia.com\/index.php\/wp-json\/wp\/v2\/comments?post=67263"}],"version-history":[{"count":2,"href":"https:\/\/www.todoeldia.com\/index.php\/wp-json\/wp\/v2\/posts\/67263\/revisions"}],"predecessor-version":[{"id":67279,"href":"https:\/\/www.todoeldia.com\/index.php\/wp-json\/wp\/v2\/posts\/67263\/revisions\/67279"}],"wp:featuredmedia":[{"embeddable":true,"href":"https:\/\/www.todoeldia.com\/index.php\/wp-json\/wp\/v2\/media\/67264"}],"wp:attachment":[{"href":"https:\/\/www.todoeldia.com\/index.php\/wp-json\/wp\/v2\/media?parent=67263"}],"wp:term":[{"taxonomy":"category","embeddable":true,"href":"https:\/\/www.todoeldia.com\/index.php\/wp-json\/wp\/v2\/categories?post=67263"},{"taxonomy":"post_tag","embeddable":true,"href":"https:\/\/www.todoeldia.com\/index.php\/wp-json\/wp\/v2\/tags?post=67263"}],"curies":[{"name":"wp","href":"https:\/\/api.w.org\/{rel}","templated":true}]}}