{"id":67280,"date":"2023-10-30T20:01:45","date_gmt":"2023-10-30T23:01:45","guid":{"rendered":"https:\/\/www.todoeldia.com\/?p=67280"},"modified":"2023-10-30T20:04:45","modified_gmt":"2023-10-30T23:04:45","slug":"el-gobierno-mantendra-el-feriado-del-dia-despues-del-balotaje-pese-a-las-recomendaciones-de-la-justicia","status":"publish","type":"post","link":"https:\/\/www.todoeldia.com\/index.php\/2023\/10\/30\/el-gobierno-mantendra-el-feriado-del-dia-despues-del-balotaje-pese-a-las-recomendaciones-de-la-justicia\/","title":{"rendered":"El Gobierno mantendr\u00e1 el feriado del d\u00eda despu\u00e9s del balotaje, pese a las recomendaciones de la Justicia"},"content":{"rendered":"\n<p>El oficialismo descart\u00f3 que haya conveniencia pol\u00edtica en no mover el feriado del lunes 20.<\/p>\n\n\n\n<p>El Gobierno mantendr\u00e1 el fin de semana largo que coincide con el domingo 19 de noviembre, d\u00eda en el que se llevar\u00e1 a cabo el balotaje que definir\u00e1 al pr\u00f3ximo Presidente de la Naci\u00f3n, pese a haber recibido una sugerencia de la C\u00e1mara Nacional Electoral (CNE) para que moviera el feriado del lunes 20 al considerar que podr\u00eda desalentar la concurrencia a las urnas.<\/p>\n\n\n\n<p>Fuentes de Presidencia deslizaron que la idea es dar &#8220;previsibilidad&#8221; a la gente que ya compr\u00f3 vuelos y hoteles para esa fecha y aclararon que no se trata de un feriado puente, que son los que establece el Poder Ejecutivo, sino que est\u00e1 establecido por ley y habr\u00eda que dictar un DNU para modificarlo.<\/p>\n\n\n\n<p>En ese marco, se hab\u00eda colado la discusi\u00f3n sobre una presunta conveniencia pol\u00edtica para el oficialismo tendiente a que la no concurrencia a votar de la gente que estar\u00e1 haciendo turismo en esa fecha beneficiar\u00eda al postulante Sergio Massa, quien lider\u00f3 la votaci\u00f3n en la primera vuelta.<\/p>\n\n\n\n<p>Consultado por esto d\u00edas atr\u00e1s, el actual ministro de Econom\u00eda y aspirante a suceder a Alberto Fern\u00e1ndez sostuvo que mudar el feriado del lunes 20 (D\u00eda de la Soberan\u00eda) es algo que &#8220;lo debe resolver el parlamento&#8221;, al tiempo que consider\u00f3 que &#8220;la gente va a ir a votar igual, haya o no feriado&#8221;.<\/p>\n","protected":false},"excerpt":{"rendered":"<p>El oficialismo descart\u00f3 que haya conveniencia pol\u00edtica en no mover el feriado del lunes 20. El Gobierno mantendr\u00e1 el fin de semana largo que coincide con el domingo 19 de noviembre, d\u00eda en el que se llevar\u00e1 a cabo el balotaje que definir\u00e1 al pr\u00f3ximo Presidente de la Naci\u00f3n, pese a haber recibido una sugerencia [&hellip;]<\/p>\n","protected":false},"author":2,"featured_media":25259,"comment_status":"open","ping_status":"open","sticky":false,"template":"","format":"standard","meta":{"tdm_status":"","tdm_grid_status":"","_joinchat":[],"footnotes":""},"categories":[59],"tags":[],"class_list":{"0":"post-67280","1":"post","2":"type-post","3":"status-publish","4":"format-standard","5":"has-post-thumbnail","7":"category-politica"},"amp_enabled":true,"_links":{"self":[{"href":"https:\/\/www.todoeldia.com\/index.php\/wp-json\/wp\/v2\/posts\/67280","targetHints":{"allow":["GET"]}}],"collection":[{"href":"https:\/\/www.todoeldia.com\/index.php\/wp-json\/wp\/v2\/posts"}],"about":[{"href":"https:\/\/www.todoeldia.com\/index.php\/wp-json\/wp\/v2\/types\/post"}],"author":[{"embeddable":true,"href":"https:\/\/www.todoeldia.com\/index.php\/wp-json\/wp\/v2\/users\/2"}],"replies":[{"embeddable":true,"href":"https:\/\/www.todoeldia.com\/index.php\/wp-json\/wp\/v2\/comments?post=67280"}],"version-history":[{"count":1,"href":"https:\/\/www.todoeldia.com\/index.php\/wp-json\/wp\/v2\/posts\/67280\/revisions"}],"predecessor-version":[{"id":67281,"href":"https:\/\/www.todoeldia.com\/index.php\/wp-json\/wp\/v2\/posts\/67280\/revisions\/67281"}],"wp:featuredmedia":[{"embeddable":true,"href":"https:\/\/www.todoeldia.com\/index.php\/wp-json\/wp\/v2\/media\/25259"}],"wp:attachment":[{"href":"https:\/\/www.todoeldia.com\/index.php\/wp-json\/wp\/v2\/media?parent=67280"}],"wp:term":[{"taxonomy":"category","embeddable":true,"href":"https:\/\/www.todoeldia.com\/index.php\/wp-json\/wp\/v2\/categories?post=67280"},{"taxonomy":"post_tag","embeddable":true,"href":"https:\/\/www.todoeldia.com\/index.php\/wp-json\/wp\/v2\/tags?post=67280"}],"curies":[{"name":"wp","href":"https:\/\/api.w.org\/{rel}","templated":true}]}}