{"id":67282,"date":"2023-10-30T20:22:08","date_gmt":"2023-10-30T23:22:08","guid":{"rendered":"https:\/\/www.todoeldia.com\/?p=67282"},"modified":"2023-10-30T20:25:27","modified_gmt":"2023-10-30T23:25:27","slug":"agravan-en-oran-la-acusacion-contra-jose-dimas-ruiz-por-tentativa-de-robo-calificado","status":"publish","type":"post","link":"https:\/\/www.todoeldia.com\/index.php\/2023\/10\/30\/agravan-en-oran-la-acusacion-contra-jose-dimas-ruiz-por-tentativa-de-robo-calificado\/","title":{"rendered":"Agravan en Or\u00e1n la acusaci\u00f3n contra Jos\u00e9 Dimas Ruiz por tentativa de robo calificado"},"content":{"rendered":"\n<p>Es en el marco de una causa donde ya se encontraba imputado por la supuesta comisi\u00f3n del delito de instigaci\u00f3n a cometer delitos. A partir del avance de la investigaci\u00f3n se agrav\u00f3 ahora su acusaci\u00f3n como part\u00edcipe necesario de tres tentativas de robo calificado y un hecho de robo simple que se concret\u00f3 en esa ciudad.<\/p>\n\n\n\n<figure class=\"wp-block-image size-full is-resized\"><img loading=\"lazy\" decoding=\"async\" src=\"https:\/\/www.todoeldia.com\/wp-content\/uploads\/2023\/10\/dimas-ruiz-y-gonzalez.jpg\" alt=\"\" class=\"wp-image-67287\" style=\"width:1068px;height:712px\" width=\"1068\" height=\"712\" srcset=\"https:\/\/www.todoeldia.com\/wp-content\/uploads\/2023\/10\/dimas-ruiz-y-gonzalez.jpg 597w, https:\/\/www.todoeldia.com\/wp-content\/uploads\/2023\/10\/dimas-ruiz-y-gonzalez-300x200.jpg 300w\" sizes=\"auto, (max-width: 1068px) 100vw, 1068px\" \/><\/figure>\n\n\n\n<p><strong>Jos\u00e9 Dimas Ruiz, fue Coordinador General de Enlaces Institucionales de Intendencia de Pablo Gonz\u00e1lez.<\/strong><\/p>\n\n\n\n<p>La fiscal penal Daniela Mur\u00faa, interina en la Fiscal\u00eda Penal 2 de Or\u00e1n, imput\u00f3 de forma provisional a Jos\u00e9 Dimas Ru\u00edz por los delitos de tentativa de robo calificado por el uso de arma de fuego sin peritar (tres hechos) y robo simple agravado por las circunstancias de hurto en concurso real y en grado de part\u00edcipe necesario.<\/p>\n\n\n\n<p>El acusado estuvo acompa\u00f1ado de defensa particular y se abstuvo de declarar. Permanece detenido con prisi\u00f3n preventiva.<\/p>\n\n\n\n<p>Con esta imputaci\u00f3n se ampl\u00eda una previa, donde se encuentra acusado provisionalmente como autor del delito de instigaci\u00f3n a cometer delitos por un hecho denunciado en agosto de 2023, donde el ciudadano Juan Pablo Filtrin se\u00f1al\u00f3 al imputado como la persona que habr\u00eda estado organizando un robo en su vivienda, como as\u00ed tambi\u00e9n en otras viviendas de personas conocidas y de su entorno.<\/p>\n\n\n\n<p>Ante la denuncia de este ciudadano y las medidas probatorias aportadas, se radicaron otras dos denuncias donde se menciona al denunciado como quien habr\u00eda planificado los il\u00edcitos contra la&nbsp; propiedad, se\u00f1alando los domicilios en los que no pudo llevarse a cabo los il\u00edcitos y un hecho donde se sustrajo una importante suma de dinero.<\/p>\n\n\n\n<p>Es esencial resaltar que la investigaci\u00f3n est\u00e1 siendo llevada a cabo por la Fiscal\u00eda Penal 2 de Or\u00e1n. Este caso no se encuentra contemplado ni mencionado en la resoluci\u00f3n 1478\/23, que establece la creaci\u00f3n de la Unidad Fiscal de Litigio Estrat\u00e9gico contra el Crimen Organizado para investigar casos graves ocurridos en el Norte de la Provincia. Esta distinci\u00f3n es de suma importancia, ya que la investigaci\u00f3n en curso se est\u00e1 llevando a cabo de manera ajena a la mencionada Unidad Fiscal.<\/p>\n\n\n\n<p>Ante la difusi\u00f3n reciente de determinada informaci\u00f3n falsa sobre el proceso penal en curso, direccionada al descr\u00e9dito de la intervenci\u00f3n de dos de las fiscales asignadas a la Unidad Fiscal de Litigio Estrat\u00e9gico contra el Crimen Organizado, el Ministerio P\u00fablico Fiscal ejerce su derecho de emitir aclaraciones para rectificar dicha informaci\u00f3n err\u00f3nea en relaci\u00f3n a un caso que todav\u00eda se encuentra en la fase de investigaci\u00f3n y que fuera arriba mencionado (tr\u00e1mite de la Fiscal\u00eda penal N\u00b0 2 a cargo de la fiscal Daniela Murua, y no contemplado en la resoluci\u00f3n de Procuraci\u00f3n General N\u00b01478\/23, Unidad Fiscal de Litigio Estrat\u00e9gico contra el Crimen Organizado). Este procedimiento se basa en el art\u00edculo 263 del C\u00f3digo Procesal Penal de la Provincia de Salta, que establece un mecanismo para que las partes involucradas en un proceso penal puedan presentar aclaraciones en caso de divulgaci\u00f3n de informaci\u00f3n err\u00f3nea o que no se corresponda con los tr\u00e1mites cumplidos.<\/p>\n\n\n\n<p>El prop\u00f3sito perseguido por el Ministerio P\u00fablico Fiscal, es asegurar la transparencia y la precisi\u00f3n de la informaci\u00f3n relacionada con el proceso penal,&nbsp; la absoluta sujeci\u00f3n a derecho de sus acciones, como as\u00ed tambi\u00e9n salvaguardar la inquebrantable determinaci\u00f3n en t\u00e9rminos de pol\u00edtica criminal de perseguir y desactivar las incipientes c\u00e9lulas de organizaciones criminales actualmente bajo investigaci\u00f3n judicial, determinaci\u00f3n que precisamente llevara a la creaci\u00f3n de la mencionada Unidad Fiscal de Litigio Estrat\u00e9gico contra el Crimen Organizado.<\/p>\n","protected":false},"excerpt":{"rendered":"<p>Es en el marco de una causa donde ya se encontraba imputado por la supuesta comisi\u00f3n del delito de instigaci\u00f3n a cometer delitos. A partir del avance de la investigaci\u00f3n se agrav\u00f3 ahora su acusaci\u00f3n como part\u00edcipe necesario de tres tentativas de robo calificado y un hecho de robo simple que se concret\u00f3 en esa [&hellip;]<\/p>\n","protected":false},"author":2,"featured_media":67283,"comment_status":"open","ping_status":"open","sticky":false,"template":"","format":"standard","meta":{"tdm_status":"","tdm_grid_status":"","_joinchat":[],"footnotes":""},"categories":[63],"tags":[],"class_list":{"0":"post-67282","1":"post","2":"type-post","3":"status-publish","4":"format-standard","5":"has-post-thumbnail","7":"category-policiales"},"amp_enabled":true,"_links":{"self":[{"href":"https:\/\/www.todoeldia.com\/index.php\/wp-json\/wp\/v2\/posts\/67282","targetHints":{"allow":["GET"]}}],"collection":[{"href":"https:\/\/www.todoeldia.com\/index.php\/wp-json\/wp\/v2\/posts"}],"about":[{"href":"https:\/\/www.todoeldia.com\/index.php\/wp-json\/wp\/v2\/types\/post"}],"author":[{"embeddable":true,"href":"https:\/\/www.todoeldia.com\/index.php\/wp-json\/wp\/v2\/users\/2"}],"replies":[{"embeddable":true,"href":"https:\/\/www.todoeldia.com\/index.php\/wp-json\/wp\/v2\/comments?post=67282"}],"version-history":[{"count":3,"href":"https:\/\/www.todoeldia.com\/index.php\/wp-json\/wp\/v2\/posts\/67282\/revisions"}],"predecessor-version":[{"id":67289,"href":"https:\/\/www.todoeldia.com\/index.php\/wp-json\/wp\/v2\/posts\/67282\/revisions\/67289"}],"wp:featuredmedia":[{"embeddable":true,"href":"https:\/\/www.todoeldia.com\/index.php\/wp-json\/wp\/v2\/media\/67283"}],"wp:attachment":[{"href":"https:\/\/www.todoeldia.com\/index.php\/wp-json\/wp\/v2\/media?parent=67282"}],"wp:term":[{"taxonomy":"category","embeddable":true,"href":"https:\/\/www.todoeldia.com\/index.php\/wp-json\/wp\/v2\/categories?post=67282"},{"taxonomy":"post_tag","embeddable":true,"href":"https:\/\/www.todoeldia.com\/index.php\/wp-json\/wp\/v2\/tags?post=67282"}],"curies":[{"name":"wp","href":"https:\/\/api.w.org\/{rel}","templated":true}]}}