{"id":67320,"date":"2023-10-31T15:35:17","date_gmt":"2023-10-31T18:35:17","guid":{"rendered":"https:\/\/www.todoeldia.com\/?p=67320"},"modified":"2023-10-31T15:35:36","modified_gmt":"2023-10-31T18:35:36","slug":"2-detenidos-e-imputados-por-apunalar-a-dos-jovenes-en-pasado-jueves-en-la-zona-sur","status":"publish","type":"post","link":"https:\/\/www.todoeldia.com\/index.php\/2023\/10\/31\/2-detenidos-e-imputados-por-apunalar-a-dos-jovenes-en-pasado-jueves-en-la-zona-sur\/","title":{"rendered":"2 detenidos e imputados por apu\u00f1alar a dos j\u00f3venes en pasado jueves en la zona sur"},"content":{"rendered":"\n<p>Ocurri\u00f3 el pasado jueves por la noche en la zona sur de la ciudad de Salta, donde en circunstancias que se investigan, dos hombres fueron lesionados con arma blanca y debieron ser intervenidos quir\u00fargicamente, corriendo riesgo su vida.<\/p>\n\n\n\n<p>El fiscal penal 1 de la Unidad de Graves Atentados contra las Personas en turno, Leandro Flores, imput\u00f3 de forma provisional a dos hombres de 22 y 25 a\u00f1os como coautores del delito de tentativa de homicidio simple (2 hechos).<\/p>\n\n\n\n<p>Ambos, asistidos por defensa oficial, prestaron declaraci\u00f3n, dando su versi\u00f3n de lo ocurrido y desde la Fiscal\u00eda se solicit\u00f3 que se mantengan detenidos.<\/p>\n\n\n\n<p>El hecho investigado ocurri\u00f3 el pasado jueves por la noche en la zona sur de la ciudad de Salta, donde dos j\u00f3venes de 19 y 26 a\u00f1os resultaron heridos con arma blanca tras una pelea con otras personas.<\/p>\n\n\n\n<p>De las tareas investigativas de la Unidad de Investigaci\u00f3n UGAP, se logr\u00f3 individualizar a los acusados como principales sospechosos de la agresi\u00f3n y fueron detenidos.<\/p>\n","protected":false},"excerpt":{"rendered":"<p>Ocurri\u00f3 el pasado jueves por la noche en la zona sur de la ciudad de Salta, donde en circunstancias que se investigan, dos hombres fueron lesionados con arma blanca y debieron ser intervenidos quir\u00fargicamente, corriendo riesgo su vida. El fiscal penal 1 de la Unidad de Graves Atentados contra las Personas en turno, Leandro Flores, [&hellip;]<\/p>\n","protected":false},"author":2,"featured_media":35476,"comment_status":"open","ping_status":"open","sticky":false,"template":"","format":"standard","meta":{"tdm_status":"","tdm_grid_status":"","_joinchat":[],"footnotes":""},"categories":[63],"tags":[],"class_list":{"0":"post-67320","1":"post","2":"type-post","3":"status-publish","4":"format-standard","5":"has-post-thumbnail","7":"category-policiales"},"amp_enabled":true,"_links":{"self":[{"href":"https:\/\/www.todoeldia.com\/index.php\/wp-json\/wp\/v2\/posts\/67320","targetHints":{"allow":["GET"]}}],"collection":[{"href":"https:\/\/www.todoeldia.com\/index.php\/wp-json\/wp\/v2\/posts"}],"about":[{"href":"https:\/\/www.todoeldia.com\/index.php\/wp-json\/wp\/v2\/types\/post"}],"author":[{"embeddable":true,"href":"https:\/\/www.todoeldia.com\/index.php\/wp-json\/wp\/v2\/users\/2"}],"replies":[{"embeddable":true,"href":"https:\/\/www.todoeldia.com\/index.php\/wp-json\/wp\/v2\/comments?post=67320"}],"version-history":[{"count":1,"href":"https:\/\/www.todoeldia.com\/index.php\/wp-json\/wp\/v2\/posts\/67320\/revisions"}],"predecessor-version":[{"id":67321,"href":"https:\/\/www.todoeldia.com\/index.php\/wp-json\/wp\/v2\/posts\/67320\/revisions\/67321"}],"wp:featuredmedia":[{"embeddable":true,"href":"https:\/\/www.todoeldia.com\/index.php\/wp-json\/wp\/v2\/media\/35476"}],"wp:attachment":[{"href":"https:\/\/www.todoeldia.com\/index.php\/wp-json\/wp\/v2\/media?parent=67320"}],"wp:term":[{"taxonomy":"category","embeddable":true,"href":"https:\/\/www.todoeldia.com\/index.php\/wp-json\/wp\/v2\/categories?post=67320"},{"taxonomy":"post_tag","embeddable":true,"href":"https:\/\/www.todoeldia.com\/index.php\/wp-json\/wp\/v2\/tags?post=67320"}],"curies":[{"name":"wp","href":"https:\/\/api.w.org\/{rel}","templated":true}]}}