{"id":67336,"date":"2023-10-31T16:22:58","date_gmt":"2023-10-31T19:22:58","guid":{"rendered":"https:\/\/www.todoeldia.com\/?p=67336"},"modified":"2023-10-31T16:23:00","modified_gmt":"2023-10-31T19:23:00","slug":"pidieron-llevar-a-juicio-oral-a-anibal-lotocki-por-la-muerte-de-cristian-zarate","status":"publish","type":"post","link":"https:\/\/www.todoeldia.com\/index.php\/2023\/10\/31\/pidieron-llevar-a-juicio-oral-a-anibal-lotocki-por-la-muerte-de-cristian-zarate\/","title":{"rendered":"Pidieron llevar a juicio oral a An\u00edbal Lotocki por la muerte de Cristian Z\u00e1rate"},"content":{"rendered":"\n<p>As\u00ed lo orden\u00f3 el fiscal Pablo Recchini por el caso del empresario que falleci\u00f3 en 2021 luego de someterse a una cirug\u00eda con el m\u00e9dico.<\/p>\n\n\n\n<p>El fiscal Pablo Recchini orden\u00f3 que An\u00edbal Lotocki vaya a juicio oral por la muerte de Rodolfo Cristian Z\u00e1rate. El empresario falleci\u00f3 en abril de 2021, horas despu\u00e9s de someterse a una intervenci\u00f3n con el pol\u00e9mico cirujano.<\/p>\n\n\n\n<p>Por la misma causa, actualmente Lotocki est\u00e1 detenido con prisi\u00f3n preventiva en el Complejo Penitenciario Federal N\u00b01 de Ezeiza, acusado de Homicidio Simple con dolo eventual.<\/p>\n\n\n\n<p>Al m\u00e9dico lo investigan por la muerte del empresario Rodolfo Cristi\u00e1n Z\u00e1rate ocurrida el 16 de abril de 2021 durante una intervenci\u00f3n quir\u00fargica que le hab\u00eda hecho Lotocki para la reducci\u00f3n del tejido graso.<\/p>\n\n\n\n<p>Al comienzo del proceso, la causa hab\u00eda sido caratulada como homicidio culposo, pero tras la solicitud del fiscal Pablo Recchini, el magistrado de la Ciudad modific\u00f3 la calificaci\u00f3n penal a homicidio simple con penas de prisi\u00f3n que van hasta los 25 a\u00f1os de c\u00e1rcel.<\/p>\n","protected":false},"excerpt":{"rendered":"<p>As\u00ed lo orden\u00f3 el fiscal Pablo Recchini por el caso del empresario que falleci\u00f3 en 2021 luego de someterse a una cirug\u00eda con el m\u00e9dico. El fiscal Pablo Recchini orden\u00f3 que An\u00edbal Lotocki vaya a juicio oral por la muerte de Rodolfo Cristian Z\u00e1rate. El empresario falleci\u00f3 en abril de 2021, horas despu\u00e9s de someterse [&hellip;]<\/p>\n","protected":false},"author":2,"featured_media":67337,"comment_status":"open","ping_status":"open","sticky":false,"template":"","format":"standard","meta":{"tdm_status":"","tdm_grid_status":"","_joinchat":[],"footnotes":""},"categories":[63],"tags":[],"class_list":{"0":"post-67336","1":"post","2":"type-post","3":"status-publish","4":"format-standard","5":"has-post-thumbnail","7":"category-policiales"},"amp_enabled":true,"_links":{"self":[{"href":"https:\/\/www.todoeldia.com\/index.php\/wp-json\/wp\/v2\/posts\/67336","targetHints":{"allow":["GET"]}}],"collection":[{"href":"https:\/\/www.todoeldia.com\/index.php\/wp-json\/wp\/v2\/posts"}],"about":[{"href":"https:\/\/www.todoeldia.com\/index.php\/wp-json\/wp\/v2\/types\/post"}],"author":[{"embeddable":true,"href":"https:\/\/www.todoeldia.com\/index.php\/wp-json\/wp\/v2\/users\/2"}],"replies":[{"embeddable":true,"href":"https:\/\/www.todoeldia.com\/index.php\/wp-json\/wp\/v2\/comments?post=67336"}],"version-history":[{"count":1,"href":"https:\/\/www.todoeldia.com\/index.php\/wp-json\/wp\/v2\/posts\/67336\/revisions"}],"predecessor-version":[{"id":67338,"href":"https:\/\/www.todoeldia.com\/index.php\/wp-json\/wp\/v2\/posts\/67336\/revisions\/67338"}],"wp:featuredmedia":[{"embeddable":true,"href":"https:\/\/www.todoeldia.com\/index.php\/wp-json\/wp\/v2\/media\/67337"}],"wp:attachment":[{"href":"https:\/\/www.todoeldia.com\/index.php\/wp-json\/wp\/v2\/media?parent=67336"}],"wp:term":[{"taxonomy":"category","embeddable":true,"href":"https:\/\/www.todoeldia.com\/index.php\/wp-json\/wp\/v2\/categories?post=67336"},{"taxonomy":"post_tag","embeddable":true,"href":"https:\/\/www.todoeldia.com\/index.php\/wp-json\/wp\/v2\/tags?post=67336"}],"curies":[{"name":"wp","href":"https:\/\/api.w.org\/{rel}","templated":true}]}}