{"id":67341,"date":"2023-10-31T16:31:14","date_gmt":"2023-10-31T19:31:14","guid":{"rendered":"https:\/\/www.todoeldia.com\/?p=67341"},"modified":"2023-10-31T16:31:19","modified_gmt":"2023-10-31T19:31:19","slug":"imputaron-a-un-concejal-del-frente-de-todos-por-el-caso-chocolate-rigau-lo-acusan-de-un-fraude-de-800-millones","status":"publish","type":"post","link":"https:\/\/www.todoeldia.com\/index.php\/2023\/10\/31\/imputaron-a-un-concejal-del-frente-de-todos-por-el-caso-chocolate-rigau-lo-acusan-de-un-fraude-de-800-millones\/","title":{"rendered":"Imputaron a un concejal del Frente de Todos por el caso \u201cChocolate\u201d Rigau: lo acusan de un fraude de $800 millones"},"content":{"rendered":"\n<p>Se trata de Facundo Albini, concejal de La Plata y candidato en la lista que encabez\u00f3 Julio Alak. Tambi\u00e9n fue imputado su padre, ex funcionario de la Legislatura. El juez Atencio les rechaz\u00f3 la eximici\u00f3n de prision.<\/p>\n\n\n\n<p>La fiscal platense Betina Lacki decidi\u00f3 imputar al concejal Facundo Albini y a su padre, Claudio Albini, que durante a\u00f1os se desempe\u00f1\u00f3 como subjefe en la Direcci\u00f3n de Personal de la C\u00e1mara de Diputados bonaerense, en la causa que investiga a Julio \u201cChocolate\u201d Rigau. Ambos son referentes pol\u00edticos del puntero que fue sorprendido con 49 tarjetas de d\u00e9bito. Adem\u00e1s, en las \u00faltimas horas, el juez Guillermo Atencio rechaz\u00f3 un pedido de eximici\u00f3n de prisi\u00f3n de los abogados de Albini padre e hijo.<\/p>\n\n\n\n<p>En su resoluci\u00f3n, el juez explic\u00f3 que ambos est\u00e1n imputados por los delitos de asociaci\u00f3n il\u00edcita y fraude en perjuicio de la administraci\u00f3n p\u00fablica. Y detall\u00f3 que hasta ahora la suma total de ese fraude ser\u00edan 800 millones de pesos. \u201cTengo para mi que la decisi\u00f3n respecto del otorgamiento de este beneficio, debe supeditarse en el caso a valoraci\u00f3n de la modalidad del hecho. En efecto; la extensi\u00f3n del da\u00f1o causado y las caracter\u00edsticas de la conducta aqu\u00ed investigada, resultan pautas significativas para vislumbrar que, de recaer sentencia condenatoria, habr\u00e1 de ser de cumplimiento efectivo\u201d, explic\u00f3 Atencio al momento de rechazar la eximici\u00f3n de prisi\u00f3n.<\/p>\n\n\n\n<p>Rigau es un hist\u00f3rico puntero vinculado al PJ provincial y hasta fue candidato a concejal suplente, en 2019, en una lista que encabezaba el precandidato a intendente Guillermo Escudero, del Frente de Todos. Actualmente, seg\u00fan declar\u00f3 un testigo que luego se desdijo, reportaba a Facundo Albini, actual concejal de La Plata y ex director de Control y Gesti\u00f3n de la Secretar\u00eda Administrativa de la Legislatura.<\/p>\n\n\n\n<p>Esta ma\u00f1ana, en otra resoluci\u00f3n, el juez Atencio tambi\u00e9n rechaz\u00f3 un pedido de eximici\u00f3n de prisi\u00f3n para 47 de 48 due\u00f1os de las tarjetas de d\u00e9bito, que tambi\u00e9n quedaron imputados en la causa por los mismos delitos que Albini y su padre. Muchos de ellos estaban citados para declarar en calidad de testigos.<\/p>\n\n\n\n<p>El juez tuvo en cuenta varios factores para rechazar el pedido de eximici\u00f3n de prisi\u00f3n de esas 47 personas: \u201cEl alto monto dinerario defraudado al erario p\u00fablico; la duraci\u00f3n en el tiempo; la actividad desplegada por los imputados, en tanto facilit\u00f3 la comisi\u00f3n actos de corrupci\u00f3n en el ejercicio de la funci\u00f3n p\u00fablica; la posibilidad cierta de influenciar entre coimputados &#8211; teniendo en cuenta el v\u00ednculo personal habido entre algunos de ellos y; la pena en expectativa, en raz\u00f3n de la suma aritm\u00e9tica del m\u00e1ximo de la pena de los delitos investigados, asi me permiten concluir\u201d.<\/p>\n","protected":false},"excerpt":{"rendered":"<p>Se trata de Facundo Albini, concejal de La Plata y candidato en la lista que encabez\u00f3 Julio Alak. Tambi\u00e9n fue imputado su padre, ex funcionario de la Legislatura. El juez Atencio les rechaz\u00f3 la eximici\u00f3n de prision. La fiscal platense Betina Lacki decidi\u00f3 imputar al concejal Facundo Albini y a su padre, Claudio Albini, que [&hellip;]<\/p>\n","protected":false},"author":2,"featured_media":67342,"comment_status":"open","ping_status":"open","sticky":false,"template":"","format":"standard","meta":{"tdm_status":"","tdm_grid_status":"","_joinchat":[],"footnotes":""},"categories":[63],"tags":[],"class_list":{"0":"post-67341","1":"post","2":"type-post","3":"status-publish","4":"format-standard","5":"has-post-thumbnail","7":"category-policiales"},"amp_enabled":true,"_links":{"self":[{"href":"https:\/\/www.todoeldia.com\/index.php\/wp-json\/wp\/v2\/posts\/67341","targetHints":{"allow":["GET"]}}],"collection":[{"href":"https:\/\/www.todoeldia.com\/index.php\/wp-json\/wp\/v2\/posts"}],"about":[{"href":"https:\/\/www.todoeldia.com\/index.php\/wp-json\/wp\/v2\/types\/post"}],"author":[{"embeddable":true,"href":"https:\/\/www.todoeldia.com\/index.php\/wp-json\/wp\/v2\/users\/2"}],"replies":[{"embeddable":true,"href":"https:\/\/www.todoeldia.com\/index.php\/wp-json\/wp\/v2\/comments?post=67341"}],"version-history":[{"count":1,"href":"https:\/\/www.todoeldia.com\/index.php\/wp-json\/wp\/v2\/posts\/67341\/revisions"}],"predecessor-version":[{"id":67343,"href":"https:\/\/www.todoeldia.com\/index.php\/wp-json\/wp\/v2\/posts\/67341\/revisions\/67343"}],"wp:featuredmedia":[{"embeddable":true,"href":"https:\/\/www.todoeldia.com\/index.php\/wp-json\/wp\/v2\/media\/67342"}],"wp:attachment":[{"href":"https:\/\/www.todoeldia.com\/index.php\/wp-json\/wp\/v2\/media?parent=67341"}],"wp:term":[{"taxonomy":"category","embeddable":true,"href":"https:\/\/www.todoeldia.com\/index.php\/wp-json\/wp\/v2\/categories?post=67341"},{"taxonomy":"post_tag","embeddable":true,"href":"https:\/\/www.todoeldia.com\/index.php\/wp-json\/wp\/v2\/tags?post=67341"}],"curies":[{"name":"wp","href":"https:\/\/api.w.org\/{rel}","templated":true}]}}