{"id":67412,"date":"2023-11-02T21:14:05","date_gmt":"2023-11-03T00:14:05","guid":{"rendered":"https:\/\/www.todoeldia.com\/?p=67412"},"modified":"2023-11-02T21:14:08","modified_gmt":"2023-11-03T00:14:08","slug":"le-dieron-de-alta-a-jorge-lanata-y-ya-esta-en-su-casa-se-conecto-para-recibir-un-premio","status":"publish","type":"post","link":"https:\/\/www.todoeldia.com\/index.php\/2023\/11\/02\/le-dieron-de-alta-a-jorge-lanata-y-ya-esta-en-su-casa-se-conecto-para-recibir-un-premio\/","title":{"rendered":"Le dieron de alta a Jorge Lanata y ya est\u00e1 en su casa: se conect\u00f3 para recibir un premio"},"content":{"rendered":"\n<p>El periodista, que estaba internado en la Fundaci\u00f3n Favaloro por una neumon\u00eda contin\u00faa la recuperaci\u00f3n en su hogar<\/p>\n\n\n\n<p>La salud de Jorge Lanata fue motivo de preocupaci\u00f3n los \u00faltimos d\u00edas cuando se supo que hab\u00eda sido internado en la Fundaci\u00f3n Favaloro por una neumon\u00eda. El pasado 31 de octubre, desde el nosocomio, el propio periodista sali\u00f3 al aire en su programa de Radio Mitre para llevar tranquilidad a su audiencia. \u201cTengo neumon\u00eda, me est\u00e1n pasando por v\u00eda antibi\u00f3ticos y me tengo que quedar ac\u00e1 hasta que mejore la situaci\u00f3n y me pueda ir a casa\u201d, hab\u00eda expresado el periodista por medio de una comunicaci\u00f3n telef\u00f3nica.<\/p>\n\n\n\n<p>Durante este jueves, \u00c1ngel de Brito public\u00f3 un tuit en su cuenta oficial en donde cont\u00f3 que Lanata hab\u00eda sido dado de alta y que incluso se hab\u00eda conectado v\u00eda internet para recibir un premio Produ 2023. En esta oportunidad, el comunicador fue galardonado como mejor presentador de programa informativo por su ciclo Hache.<\/p>\n\n\n\n<figure class=\"wp-block-image size-full\"><img loading=\"lazy\" decoding=\"async\" width=\"992\" height=\"850\" src=\"https:\/\/www.todoeldia.com\/wp-content\/uploads\/2023\/11\/image-5.png\" alt=\"\" class=\"wp-image-67413\" srcset=\"https:\/\/www.todoeldia.com\/wp-content\/uploads\/2023\/11\/image-5.png 992w, https:\/\/www.todoeldia.com\/wp-content\/uploads\/2023\/11\/image-5-300x257.png 300w, https:\/\/www.todoeldia.com\/wp-content\/uploads\/2023\/11\/image-5-768x658.png 768w, https:\/\/www.todoeldia.com\/wp-content\/uploads\/2023\/11\/image-5-696x596.png 696w, https:\/\/www.todoeldia.com\/wp-content\/uploads\/2023\/11\/image-5-490x420.png 490w\" sizes=\"auto, (max-width: 992px) 100vw, 992px\" \/><\/figure>\n\n\n\n<p>En su momento, cuando Jorge sali\u00f3 al aire desde la unidad hospitalaria, se mostr\u00f3 de buen humor. \u201cUstedes tiene que agradecer que no los escuche, porque si los escuchara echar\u00eda a la mitad del equipo\u201d, brome\u00f3 a sus compa\u00f1eros del programa radial. \u201cEs un buen porcentaje\u201d, le contestaron sus colegas casi al un\u00edsono.<\/p>\n\n\n\n<p>A pesar del problema de salud, Lanata se hab\u00eda mostrado esperanzado de poder salir pronto de la cl\u00ednica y estar al frente de su programa televisivo el pr\u00f3ximo domingo.\u201cEst\u00e1 todo bien, hacemos PPT el domingo\u201d, augur\u00f3 con respecto a su ciclo de El Trece. Adem\u00e1s, dijo no tener idea de la inminente final de la Copa Libertadores y asegur\u00f3 estar port\u00e1ndose bien durante su internaci\u00f3n, algo que su equipo tom\u00f3 con escepticismo: \u201cSi te est\u00e1s portando bien no sos Jorge Lanata\u201d, brome\u00f3 Rolando Barbano. \u201cPor ahora, reci\u00e9n llego\u201d, admiti\u00f3 el conductor entre risas.<\/p>\n","protected":false},"excerpt":{"rendered":"<p>El periodista, que estaba internado en la Fundaci\u00f3n Favaloro por una neumon\u00eda contin\u00faa la recuperaci\u00f3n en su hogar La salud de Jorge Lanata fue motivo de preocupaci\u00f3n los \u00faltimos d\u00edas cuando se supo que hab\u00eda sido internado en la Fundaci\u00f3n Favaloro por una neumon\u00eda. El pasado 31 de octubre, desde el nosocomio, el propio periodista [&hellip;]<\/p>\n","protected":false},"author":2,"featured_media":57179,"comment_status":"open","ping_status":"open","sticky":false,"template":"","format":"standard","meta":{"tdm_status":"","tdm_grid_status":"","_joinchat":[],"footnotes":""},"categories":[73],"tags":[],"class_list":{"0":"post-67412","1":"post","2":"type-post","3":"status-publish","4":"format-standard","5":"has-post-thumbnail","7":"category-noticias-general"},"amp_enabled":true,"_links":{"self":[{"href":"https:\/\/www.todoeldia.com\/index.php\/wp-json\/wp\/v2\/posts\/67412","targetHints":{"allow":["GET"]}}],"collection":[{"href":"https:\/\/www.todoeldia.com\/index.php\/wp-json\/wp\/v2\/posts"}],"about":[{"href":"https:\/\/www.todoeldia.com\/index.php\/wp-json\/wp\/v2\/types\/post"}],"author":[{"embeddable":true,"href":"https:\/\/www.todoeldia.com\/index.php\/wp-json\/wp\/v2\/users\/2"}],"replies":[{"embeddable":true,"href":"https:\/\/www.todoeldia.com\/index.php\/wp-json\/wp\/v2\/comments?post=67412"}],"version-history":[{"count":1,"href":"https:\/\/www.todoeldia.com\/index.php\/wp-json\/wp\/v2\/posts\/67412\/revisions"}],"predecessor-version":[{"id":67414,"href":"https:\/\/www.todoeldia.com\/index.php\/wp-json\/wp\/v2\/posts\/67412\/revisions\/67414"}],"wp:featuredmedia":[{"embeddable":true,"href":"https:\/\/www.todoeldia.com\/index.php\/wp-json\/wp\/v2\/media\/57179"}],"wp:attachment":[{"href":"https:\/\/www.todoeldia.com\/index.php\/wp-json\/wp\/v2\/media?parent=67412"}],"wp:term":[{"taxonomy":"category","embeddable":true,"href":"https:\/\/www.todoeldia.com\/index.php\/wp-json\/wp\/v2\/categories?post=67412"},{"taxonomy":"post_tag","embeddable":true,"href":"https:\/\/www.todoeldia.com\/index.php\/wp-json\/wp\/v2\/tags?post=67412"}],"curies":[{"name":"wp","href":"https:\/\/api.w.org\/{rel}","templated":true}]}}