{"id":67420,"date":"2023-11-03T09:46:45","date_gmt":"2023-11-03T12:46:45","guid":{"rendered":"https:\/\/www.todoeldia.com\/?p=67420"},"modified":"2023-11-03T09:46:48","modified_gmt":"2023-11-03T12:46:48","slug":"trabajadores-de-empresas-de-seguridad-de-hospitales-del-norte-cortan-la-ruta-50-en-oran","status":"publish","type":"post","link":"https:\/\/www.todoeldia.com\/index.php\/2023\/11\/03\/trabajadores-de-empresas-de-seguridad-de-hospitales-del-norte-cortan-la-ruta-50-en-oran\/","title":{"rendered":"Trabajadores de empresas de seguridad de hospitales del norte cortan la ruta 50 en Or\u00e1n"},"content":{"rendered":"\n<p>Desde las 7 de la ma\u00f1ana se registran cortes en el tr\u00e1nsito vehicular sobre ruta 50, acceso sur de la ciudad de Or\u00e1n, por el reclamo de personal de seguridad que cumple tareas en hospitales del norte.<\/p>\n\n\n\n<p>La modalidad de la protesta es de una hora de corte y 15 minutos se libera la circulaci\u00f3n.<\/p>\n\n\n\n<p>Seg\u00fan hab\u00edan denunciado desde el gremio de USPRA, la empresa Centinela SRL llev\u00f3 adelante despidos masivos sin acatar la conciliaci\u00f3n obligatoria determinada por la Secretar\u00eda de Trabajo y no se presentaron en las audiencias para llegar a un acuerdo.<\/p>\n\n\n\n<p>Marcelino Romero, delegado regional, inform\u00f3 que el petitorio del incluye los siguientes puntos:<\/p>\n\n\n\n<p>&#8211; Se pide la incorporaci\u00f3n inmediata de los despedidos<\/p>\n\n\n\n<p>&#8211; Que la empresa deje todas las represalias contra los trabajadores.<\/p>\n\n\n\n<p>&#8211; Que cumpla con la escala salarial vigente<\/p>\n\n\n\n<p>&#8211; Que el Ministerio de Seguridad controle a estas Empresas. Que el Ministerio de Salud deje de contratar a estas empresas truchas y que el Ministerio de Trabajo, a trav\u00e9s de la polic\u00eda del trabajo haga respetar la Ley Provincial 7273\/04, el Convenio Colectivo 507\/07 de la seguridad y la Ley del Contrato de Trabajo 20.744.<\/p>\n","protected":false},"excerpt":{"rendered":"<p>Desde las 7 de la ma\u00f1ana se registran cortes en el tr\u00e1nsito vehicular sobre ruta 50, acceso sur de la ciudad de Or\u00e1n, por el reclamo de personal de seguridad que cumple tareas en hospitales del norte. La modalidad de la protesta es de una hora de corte y 15 minutos se libera la circulaci\u00f3n. [&hellip;]<\/p>\n","protected":false},"author":2,"featured_media":67421,"comment_status":"open","ping_status":"open","sticky":false,"template":"","format":"standard","meta":{"tdm_status":"","tdm_grid_status":"","_joinchat":[],"footnotes":""},"categories":[73],"tags":[],"class_list":{"0":"post-67420","1":"post","2":"type-post","3":"status-publish","4":"format-standard","5":"has-post-thumbnail","7":"category-noticias-general"},"amp_enabled":true,"_links":{"self":[{"href":"https:\/\/www.todoeldia.com\/index.php\/wp-json\/wp\/v2\/posts\/67420","targetHints":{"allow":["GET"]}}],"collection":[{"href":"https:\/\/www.todoeldia.com\/index.php\/wp-json\/wp\/v2\/posts"}],"about":[{"href":"https:\/\/www.todoeldia.com\/index.php\/wp-json\/wp\/v2\/types\/post"}],"author":[{"embeddable":true,"href":"https:\/\/www.todoeldia.com\/index.php\/wp-json\/wp\/v2\/users\/2"}],"replies":[{"embeddable":true,"href":"https:\/\/www.todoeldia.com\/index.php\/wp-json\/wp\/v2\/comments?post=67420"}],"version-history":[{"count":1,"href":"https:\/\/www.todoeldia.com\/index.php\/wp-json\/wp\/v2\/posts\/67420\/revisions"}],"predecessor-version":[{"id":67422,"href":"https:\/\/www.todoeldia.com\/index.php\/wp-json\/wp\/v2\/posts\/67420\/revisions\/67422"}],"wp:featuredmedia":[{"embeddable":true,"href":"https:\/\/www.todoeldia.com\/index.php\/wp-json\/wp\/v2\/media\/67421"}],"wp:attachment":[{"href":"https:\/\/www.todoeldia.com\/index.php\/wp-json\/wp\/v2\/media?parent=67420"}],"wp:term":[{"taxonomy":"category","embeddable":true,"href":"https:\/\/www.todoeldia.com\/index.php\/wp-json\/wp\/v2\/categories?post=67420"},{"taxonomy":"post_tag","embeddable":true,"href":"https:\/\/www.todoeldia.com\/index.php\/wp-json\/wp\/v2\/tags?post=67420"}],"curies":[{"name":"wp","href":"https:\/\/api.w.org\/{rel}","templated":true}]}}