{"id":67936,"date":"2023-11-13T00:00:24","date_gmt":"2023-11-13T03:00:24","guid":{"rendered":"https:\/\/www.todoeldia.com\/?p=67936"},"modified":"2023-11-13T00:02:09","modified_gmt":"2023-11-13T03:02:09","slug":"la-division-lacustre-y-fluvial-celebro-un-nuevo-aniversario","status":"publish","type":"post","link":"https:\/\/www.todoeldia.com\/index.php\/2023\/11\/13\/la-division-lacustre-y-fluvial-celebro-un-nuevo-aniversario\/","title":{"rendered":"La Divisi\u00f3n Lacustre y Fluvial celebr\u00f3 un nuevo aniversario"},"content":{"rendered":"\n<p>Hoy el \u00e1rea encargada del control y patrullaje de los espejos de agua y r\u00edos de nuestra provincia, celebra su 34\u00b0 a\u00f1os de su creaci\u00f3n con la tradicional entronizaci\u00f3n de la Virgen de Itat\u00ed.<\/p>\n\n\n\n<figure class=\"wp-block-image size-large\"><img loading=\"lazy\" decoding=\"async\" width=\"1024\" height=\"576\" src=\"https:\/\/www.todoeldia.com\/wp-content\/uploads\/2023\/11\/image-82-1024x576.png\" alt=\"\" class=\"wp-image-67938\" srcset=\"https:\/\/www.todoeldia.com\/wp-content\/uploads\/2023\/11\/image-82-1024x576.png 1024w, https:\/\/www.todoeldia.com\/wp-content\/uploads\/2023\/11\/image-82-300x169.png 300w, https:\/\/www.todoeldia.com\/wp-content\/uploads\/2023\/11\/image-82-768x432.png 768w, https:\/\/www.todoeldia.com\/wp-content\/uploads\/2023\/11\/image-82-696x392.png 696w, https:\/\/www.todoeldia.com\/wp-content\/uploads\/2023\/11\/image-82-1068x601.png 1068w, https:\/\/www.todoeldia.com\/wp-content\/uploads\/2023\/11\/image-82-747x420.png 747w, https:\/\/www.todoeldia.com\/wp-content\/uploads\/2023\/11\/image-82.png 1280w\" sizes=\"auto, (max-width: 1024px) 100vw, 1024px\" \/><\/figure>\n\n\n\n<p>La ceremonia fue presidida por el Director General de Recursos Humanos Crio. My Ramiro Corimayo, acompa\u00f1ado por el Director de la Unidad Regional N\u00b0 11 Cr\u00edo My. Arnaldo V\u00e9lez, entre otras autoridades policiales.<\/p>\n\n\n\n<figure class=\"wp-block-image size-large\"><img loading=\"lazy\" decoding=\"async\" width=\"1024\" height=\"576\" src=\"https:\/\/www.todoeldia.com\/wp-content\/uploads\/2023\/11\/image-83-1024x576.png\" alt=\"\" class=\"wp-image-67939\" srcset=\"https:\/\/www.todoeldia.com\/wp-content\/uploads\/2023\/11\/image-83-1024x576.png 1024w, https:\/\/www.todoeldia.com\/wp-content\/uploads\/2023\/11\/image-83-300x169.png 300w, https:\/\/www.todoeldia.com\/wp-content\/uploads\/2023\/11\/image-83-768x432.png 768w, https:\/\/www.todoeldia.com\/wp-content\/uploads\/2023\/11\/image-83-696x392.png 696w, https:\/\/www.todoeldia.com\/wp-content\/uploads\/2023\/11\/image-83-1068x601.png 1068w, https:\/\/www.todoeldia.com\/wp-content\/uploads\/2023\/11\/image-83-747x420.png 747w, https:\/\/www.todoeldia.com\/wp-content\/uploads\/2023\/11\/image-83.png 1280w\" sizes=\"auto, (max-width: 1024px) 100vw, 1024px\" \/><\/figure>\n\n\n\n<p>El titular de la Divisi\u00f3n el Comisario Andr\u00e9s S\u00e1nchez Rosado reconoci\u00f3 el gran trabajo de los efectivos que se desempe\u00f1an en el \u00e1rea, destacando notables intervenciones realizadas por esta unidad especial.<\/p>\n\n\n\n<figure class=\"wp-block-image size-large\"><img loading=\"lazy\" decoding=\"async\" width=\"1024\" height=\"576\" src=\"https:\/\/www.todoeldia.com\/wp-content\/uploads\/2023\/11\/image-84-1024x576.png\" alt=\"\" class=\"wp-image-67940\" srcset=\"https:\/\/www.todoeldia.com\/wp-content\/uploads\/2023\/11\/image-84-1024x576.png 1024w, https:\/\/www.todoeldia.com\/wp-content\/uploads\/2023\/11\/image-84-300x169.png 300w, https:\/\/www.todoeldia.com\/wp-content\/uploads\/2023\/11\/image-84-768x432.png 768w, https:\/\/www.todoeldia.com\/wp-content\/uploads\/2023\/11\/image-84-696x392.png 696w, https:\/\/www.todoeldia.com\/wp-content\/uploads\/2023\/11\/image-84-1068x601.png 1068w, https:\/\/www.todoeldia.com\/wp-content\/uploads\/2023\/11\/image-84-747x420.png 747w, https:\/\/www.todoeldia.com\/wp-content\/uploads\/2023\/11\/image-84.png 1280w\" sizes=\"auto, (max-width: 1024px) 100vw, 1024px\" \/><\/figure>\n\n\n\n<p>Adem\u00e1s, se realiz\u00f3 la tradicional procesi\u00f3n n\u00e1utica junto a la Virgen de Itat\u00ed y luego su entronizaci\u00f3n.<\/p>\n\n\n\n<figure class=\"wp-block-image size-large\"><img loading=\"lazy\" decoding=\"async\" width=\"1024\" height=\"576\" src=\"https:\/\/www.todoeldia.com\/wp-content\/uploads\/2023\/11\/image-85-1024x576.png\" alt=\"\" class=\"wp-image-67941\" srcset=\"https:\/\/www.todoeldia.com\/wp-content\/uploads\/2023\/11\/image-85-1024x576.png 1024w, https:\/\/www.todoeldia.com\/wp-content\/uploads\/2023\/11\/image-85-300x169.png 300w, https:\/\/www.todoeldia.com\/wp-content\/uploads\/2023\/11\/image-85-768x432.png 768w, https:\/\/www.todoeldia.com\/wp-content\/uploads\/2023\/11\/image-85-1536x864.png 1536w, https:\/\/www.todoeldia.com\/wp-content\/uploads\/2023\/11\/image-85-696x391.png 696w, https:\/\/www.todoeldia.com\/wp-content\/uploads\/2023\/11\/image-85-1068x600.png 1068w, https:\/\/www.todoeldia.com\/wp-content\/uploads\/2023\/11\/image-85-747x420.png 747w, https:\/\/www.todoeldia.com\/wp-content\/uploads\/2023\/11\/image-85.png 1599w\" sizes=\"auto, (max-width: 1024px) 100vw, 1024px\" \/><\/figure>\n\n\n\n<p>Se sumaron embarcaciones que acompa\u00f1aron el recorrido de la Virgen, que parti\u00f3 desde el predio de Cunea, ubicado en el kil\u00f3metro seis de la ruta provincial 47, y finaliz\u00f3 en la base de la Divisi\u00f3n Lacustre.<\/p>\n","protected":false},"excerpt":{"rendered":"<p>Hoy el \u00e1rea encargada del control y patrullaje de los espejos de agua y r\u00edos de nuestra provincia, celebra su 34\u00b0 a\u00f1os de su creaci\u00f3n con la tradicional entronizaci\u00f3n de la Virgen de Itat\u00ed. La ceremonia fue presidida por el Director General de Recursos Humanos Crio. My Ramiro Corimayo, acompa\u00f1ado por el Director de la [&hellip;]<\/p>\n","protected":false},"author":2,"featured_media":67937,"comment_status":"open","ping_status":"open","sticky":false,"template":"","format":"standard","meta":{"tdm_status":"","tdm_grid_status":"","_joinchat":[],"footnotes":""},"categories":[73],"tags":[],"class_list":{"0":"post-67936","1":"post","2":"type-post","3":"status-publish","4":"format-standard","5":"has-post-thumbnail","7":"category-noticias-general"},"amp_enabled":true,"_links":{"self":[{"href":"https:\/\/www.todoeldia.com\/index.php\/wp-json\/wp\/v2\/posts\/67936","targetHints":{"allow":["GET"]}}],"collection":[{"href":"https:\/\/www.todoeldia.com\/index.php\/wp-json\/wp\/v2\/posts"}],"about":[{"href":"https:\/\/www.todoeldia.com\/index.php\/wp-json\/wp\/v2\/types\/post"}],"author":[{"embeddable":true,"href":"https:\/\/www.todoeldia.com\/index.php\/wp-json\/wp\/v2\/users\/2"}],"replies":[{"embeddable":true,"href":"https:\/\/www.todoeldia.com\/index.php\/wp-json\/wp\/v2\/comments?post=67936"}],"version-history":[{"count":2,"href":"https:\/\/www.todoeldia.com\/index.php\/wp-json\/wp\/v2\/posts\/67936\/revisions"}],"predecessor-version":[{"id":67944,"href":"https:\/\/www.todoeldia.com\/index.php\/wp-json\/wp\/v2\/posts\/67936\/revisions\/67944"}],"wp:featuredmedia":[{"embeddable":true,"href":"https:\/\/www.todoeldia.com\/index.php\/wp-json\/wp\/v2\/media\/67937"}],"wp:attachment":[{"href":"https:\/\/www.todoeldia.com\/index.php\/wp-json\/wp\/v2\/media?parent=67936"}],"wp:term":[{"taxonomy":"category","embeddable":true,"href":"https:\/\/www.todoeldia.com\/index.php\/wp-json\/wp\/v2\/categories?post=67936"},{"taxonomy":"post_tag","embeddable":true,"href":"https:\/\/www.todoeldia.com\/index.php\/wp-json\/wp\/v2\/tags?post=67936"}],"curies":[{"name":"wp","href":"https:\/\/api.w.org\/{rel}","templated":true}]}}