{"id":67947,"date":"2023-11-13T00:14:38","date_gmt":"2023-11-13T03:14:38","guid":{"rendered":"https:\/\/www.todoeldia.com\/?p=67947"},"modified":"2023-11-13T09:46:50","modified_gmt":"2023-11-13T12:46:50","slug":"murio-el-joven-atropellado-por-una-camioneta-en-rosario-de-lermas","status":"publish","type":"post","link":"https:\/\/www.todoeldia.com\/index.php\/2023\/11\/13\/murio-el-joven-atropellado-por-una-camioneta-en-rosario-de-lermas\/","title":{"rendered":"Muri\u00f3 el joven atropellado por una camioneta en Rosario de Lerma"},"content":{"rendered":"\n<p>El joven de 19 a\u00f1os Dante Laureano que fue atropellado por una camioneta en Rosario de Lerma y que se dio a la fuga falleci\u00f3 en el Hospital San Bernardo por las graves heridas recibidas en el tr\u00e1gico accidente.<\/p>\n\n\n\n<p>El joven se encontraba en coma y estuvo hospitalizado menos de una semana.<\/p>\n\n\n\n<figure class=\"wp-block-image size-full\"><img loading=\"lazy\" decoding=\"async\" width=\"526\" height=\"575\" src=\"https:\/\/www.todoeldia.com\/wp-content\/uploads\/2023\/11\/image-86.png\" alt=\"\" class=\"wp-image-67950\" srcset=\"https:\/\/www.todoeldia.com\/wp-content\/uploads\/2023\/11\/image-86.png 526w, https:\/\/www.todoeldia.com\/wp-content\/uploads\/2023\/11\/image-86-274x300.png 274w, https:\/\/www.todoeldia.com\/wp-content\/uploads\/2023\/11\/image-86-300x328.png 300w, https:\/\/www.todoeldia.com\/wp-content\/uploads\/2023\/11\/image-86-384x420.png 384w\" sizes=\"auto, (max-width: 526px) 100vw, 526px\" \/><\/figure>\n\n\n\n<p>Sufri\u00f3 un paro card\u00edaco alrededor de las 20:30 en el Hospital San Bernardo.<\/p>\n\n\n\n<p>El conductor de la camioneta VW Saveiro de 28 a\u00f1os que se hab\u00eda dado a la fuga luego del accidente ocurrido el pasado lunes en 9 de Julio y Luis G\u00fcemes de Rosario de Lerma fue detenido en barrio 25 de mayo y el veh\u00edculo fue secuestrado en una vivienda del Barrio san Mart\u00edn adonde hab\u00eda sido ocultado.<\/p>\n\n\n\n<p><\/p>\n","protected":false},"excerpt":{"rendered":"<p>El joven de 19 a\u00f1os Dante Laureano que fue atropellado por una camioneta en Rosario de Lerma y que se dio a la fuga falleci\u00f3 en el Hospital San Bernardo por las graves heridas recibidas en el tr\u00e1gico accidente. El joven se encontraba en coma y estuvo hospitalizado menos de una semana. Sufri\u00f3 un paro [&hellip;]<\/p>\n","protected":false},"author":2,"featured_media":67949,"comment_status":"open","ping_status":"open","sticky":false,"template":"","format":"standard","meta":{"tdm_status":"","tdm_grid_status":"","_joinchat":[],"footnotes":""},"categories":[63],"tags":[],"class_list":{"0":"post-67947","1":"post","2":"type-post","3":"status-publish","4":"format-standard","5":"has-post-thumbnail","7":"category-policiales"},"amp_enabled":true,"_links":{"self":[{"href":"https:\/\/www.todoeldia.com\/index.php\/wp-json\/wp\/v2\/posts\/67947","targetHints":{"allow":["GET"]}}],"collection":[{"href":"https:\/\/www.todoeldia.com\/index.php\/wp-json\/wp\/v2\/posts"}],"about":[{"href":"https:\/\/www.todoeldia.com\/index.php\/wp-json\/wp\/v2\/types\/post"}],"author":[{"embeddable":true,"href":"https:\/\/www.todoeldia.com\/index.php\/wp-json\/wp\/v2\/users\/2"}],"replies":[{"embeddable":true,"href":"https:\/\/www.todoeldia.com\/index.php\/wp-json\/wp\/v2\/comments?post=67947"}],"version-history":[{"count":2,"href":"https:\/\/www.todoeldia.com\/index.php\/wp-json\/wp\/v2\/posts\/67947\/revisions"}],"predecessor-version":[{"id":67957,"href":"https:\/\/www.todoeldia.com\/index.php\/wp-json\/wp\/v2\/posts\/67947\/revisions\/67957"}],"wp:featuredmedia":[{"embeddable":true,"href":"https:\/\/www.todoeldia.com\/index.php\/wp-json\/wp\/v2\/media\/67949"}],"wp:attachment":[{"href":"https:\/\/www.todoeldia.com\/index.php\/wp-json\/wp\/v2\/media?parent=67947"}],"wp:term":[{"taxonomy":"category","embeddable":true,"href":"https:\/\/www.todoeldia.com\/index.php\/wp-json\/wp\/v2\/categories?post=67947"},{"taxonomy":"post_tag","embeddable":true,"href":"https:\/\/www.todoeldia.com\/index.php\/wp-json\/wp\/v2\/tags?post=67947"}],"curies":[{"name":"wp","href":"https:\/\/api.w.org\/{rel}","templated":true}]}}