{"id":67977,"date":"2023-11-13T14:37:27","date_gmt":"2023-11-13T17:37:27","guid":{"rendered":"https:\/\/www.todoeldia.com\/?p=67977"},"modified":"2023-11-13T15:00:33","modified_gmt":"2023-11-13T18:00:33","slug":"lo-del-oreja-martinez-en-oran-fue-un-fusilamiento-3-sicarios-hicieron-mas-de-20-disparos","status":"publish","type":"post","link":"https:\/\/www.todoeldia.com\/index.php\/2023\/11\/13\/lo-del-oreja-martinez-en-oran-fue-un-fusilamiento-3-sicarios-hicieron-mas-de-20-disparos\/","title":{"rendered":"Lo del \u201cOreja\u201d Mart\u00ednez en Or\u00e1n fue un fusilamiento: \u00a03 sicarios hicieron m\u00e1s de 20 disparos"},"content":{"rendered":"\n<p>Desde la Unidad Regional N\u00b0 2, el subcomisario Miguel Arias brind\u00f3 detalles del homicidio de C\u00e9sar Daniel \u201cOreja\u201d Mart\u00ednez ocurrido este domingo en Or\u00e1n.<\/p>\n\n\n\n<p>Inform\u00f3 que alrededor de horas 18:00 ingres\u00f3 un llamado al sistema de emergencia dando cuenta de que en la vereda de un domicilio de Pje. Avellaneda al 300 (B\u00b0 Osvaldo Pos) se encontraba un masculino herido con arma de fuego.<\/p>\n\n\n\n<p>Al llegar personal policial, se constat\u00f3 lo relatado y \u201cOreja\u201d Mart\u00ednez fue trasladado por familiares al hospital local donde ingres\u00f3 sin signos vitales.<\/p>\n\n\n\n<p>Por las investigaciones realizadas en el lugar se pudo determinar que los causantes fueron seis personas del sexo masculino que se trasladaban en un autom\u00f3vil color negro y en dos motocicletas de alta cilindrada, los cuales efectuaron alrededor de 20 disparos de los cuales 8 impactaron contra Mart\u00ednez quien se encontraba en la puerta del domicilio acompa\u00f1ada de una hija de 16 a\u00f1os.<\/p>\n\n\n\n<p>En una moto iban dos personas, en la otra una sola y en el auto se trasladaban tres sujetos. Seg\u00fan versiones de testigos, los disparos se efectuaron desde los tres veh\u00edculos. \u201cEn otras palabras fue un fusilamiento\u201d, a\u00f1adi\u00f3.<\/p>\n\n\n\n<p>Sostuvo que en el lugar del hecho se encontraron vainas pertenecientes a armas de fuego de calibre 9 mil\u00edmetros, calibre que utiliza la polic\u00eda de la provincia.<\/p>\n\n\n\n<p>Por \u00faltimo, se\u00f1al\u00f3 que se implement\u00f3 un \u201cplan candado\u201d en toda la ciudad de Or\u00e1n para dar con los causantes del homicidio.<\/p>\n","protected":false},"excerpt":{"rendered":"<p>Desde la Unidad Regional N\u00b0 2, el subcomisario Miguel Arias brind\u00f3 detalles del homicidio de C\u00e9sar Daniel \u201cOreja\u201d Mart\u00ednez ocurrido este domingo en Or\u00e1n. Inform\u00f3 que alrededor de horas 18:00 ingres\u00f3 un llamado al sistema de emergencia dando cuenta de que en la vereda de un domicilio de Pje. Avellaneda al 300 (B\u00b0 Osvaldo Pos) [&hellip;]<\/p>\n","protected":false},"author":2,"featured_media":67978,"comment_status":"open","ping_status":"open","sticky":false,"template":"","format":"standard","meta":{"tdm_status":"","tdm_grid_status":"","_joinchat":[],"footnotes":""},"categories":[63],"tags":[],"class_list":{"0":"post-67977","1":"post","2":"type-post","3":"status-publish","4":"format-standard","5":"has-post-thumbnail","7":"category-policiales"},"amp_enabled":true,"_links":{"self":[{"href":"https:\/\/www.todoeldia.com\/index.php\/wp-json\/wp\/v2\/posts\/67977","targetHints":{"allow":["GET"]}}],"collection":[{"href":"https:\/\/www.todoeldia.com\/index.php\/wp-json\/wp\/v2\/posts"}],"about":[{"href":"https:\/\/www.todoeldia.com\/index.php\/wp-json\/wp\/v2\/types\/post"}],"author":[{"embeddable":true,"href":"https:\/\/www.todoeldia.com\/index.php\/wp-json\/wp\/v2\/users\/2"}],"replies":[{"embeddable":true,"href":"https:\/\/www.todoeldia.com\/index.php\/wp-json\/wp\/v2\/comments?post=67977"}],"version-history":[{"count":1,"href":"https:\/\/www.todoeldia.com\/index.php\/wp-json\/wp\/v2\/posts\/67977\/revisions"}],"predecessor-version":[{"id":67979,"href":"https:\/\/www.todoeldia.com\/index.php\/wp-json\/wp\/v2\/posts\/67977\/revisions\/67979"}],"wp:featuredmedia":[{"embeddable":true,"href":"https:\/\/www.todoeldia.com\/index.php\/wp-json\/wp\/v2\/media\/67978"}],"wp:attachment":[{"href":"https:\/\/www.todoeldia.com\/index.php\/wp-json\/wp\/v2\/media?parent=67977"}],"wp:term":[{"taxonomy":"category","embeddable":true,"href":"https:\/\/www.todoeldia.com\/index.php\/wp-json\/wp\/v2\/categories?post=67977"},{"taxonomy":"post_tag","embeddable":true,"href":"https:\/\/www.todoeldia.com\/index.php\/wp-json\/wp\/v2\/tags?post=67977"}],"curies":[{"name":"wp","href":"https:\/\/api.w.org\/{rel}","templated":true}]}}