{"id":67980,"date":"2023-11-13T15:47:22","date_gmt":"2023-11-13T18:47:22","guid":{"rendered":"https:\/\/www.todoeldia.com\/?p=67980"},"modified":"2023-11-13T15:47:24","modified_gmt":"2023-11-13T18:47:24","slug":"urtubey-no-deja-de-chupar-las-medias","status":"publish","type":"post","link":"https:\/\/www.todoeldia.com\/index.php\/2023\/11\/13\/urtubey-no-deja-de-chupar-las-medias\/","title":{"rendered":"Urtubey no deja de \u201cchupar las medias\u201d"},"content":{"rendered":"\n<p>El ex Gobernador Juan Urtubey volvi\u00f3 a asegurar que el \u00fanico preparado para afrontar la crisis venidera, y plantear una organizaci\u00f3n social en t\u00e9rminos de producci\u00f3n, econom\u00eda y trabajo, es Massa.<\/p>\n\n\n\n<p>Si ese es su pensamiento vale la pena marcar algunas diferencias. Hace m\u00e1s de un a\u00f1o el candidato a Presidente Massa es ministro de Econom\u00eda. La pregunta es \u00bfPor qu\u00e9 no hizo ahora lo que promete hacer si gana las elecciones?<\/p>\n\n\n\n<p>En 2023, Massa llev\u00f3 a la pobreza a casi el 50 % de los argentinos y la indigencia supera el 15 %.<\/p>\n\n\n\n<p>El kirchnerismo fabric\u00f3 a raz\u00f3n de 441 indigentes por d\u00eda y con su populismo logro que cada 3 minutos y medio una persona deje de alimentarse.<\/p>\n\n\n\n<p>&#8220;Voy a ser el presidente que derrote a la inflaci\u00f3n&#8221;, prometi\u00f3 Massa en un acto proselitista en julio pasado, pero hasta ahora, ese parece ser el punto m\u00e1s d\u00e9bil de su gesti\u00f3n: hasta setiembre, los precios crecieron un 134,4% interanual.<\/p>\n\n\n\n<p>La expresidenta conoce bien a Massa: en 2008 lo nombr\u00f3 su jefe de Ministros. Un a\u00f1o despu\u00e9s, Massa sali\u00f3 eyectado del Gobierno y se volvi\u00f3 un feroz cr\u00edtico de su antigua jefa pol\u00edtica. Desde el llano, y m\u00e1s tarde como candidato a presidente, prometi\u00f3 que meter\u00eda presa a Kirchner por corrupci\u00f3n. Hoy ha vuelto para representar al peronismo.<\/p>\n\n\n\n<p>\u201cSergio es capaz de anunciar por lo bajo que a un tipo o una mujer no lo quiere, pero al d\u00eda siguiente lo ves abrazado y sac\u00e1ndose una foto y charlando de todo\u201d, lo describi\u00f3 su suegro, el dirigente peronista Fernando Galmarini, en una reciente declaraci\u00f3n radial, lo que deja en claro que clase de personas es.<\/p>\n\n\n\n<p>Nada dice Massa de los niveles de pobreza que tocan los m\u00e1ximos hist\u00f3ricos, de la inflaci\u00f3n que se desboca, ni del d\u00f3lar que sigue su imparable recorrido destruyendo la econom\u00eda.<\/p>\n\n\n\n<p>No pidi\u00f3 perd\u00f3n por una inflaci\u00f3n del 150% anualizada que est\u00e1 pulverizando el salario de todos los argentinos, ni de los m\u00e1s de 3 millones de pobres que gener\u00f3 al frente de Econom\u00eda en poco m\u00e1s de un a\u00f1o, y, menos a\u00fan por, por un d\u00f3lar que toco los 1.100 pesos y que tuvo su impacto en los precios de la canasta familiar.<\/p>\n\n\n\n<p>Hay que entender que poco importan para el candidato est\u00e1s variables econ\u00f3mico-sociales mencionadas. Massa contin\u00faa profundizando el \u201cPlan Platita II\u201d buscando cambiar el \u00e1nimo del electorado, independientemente del costo social que pueda traer aparejado. Su objetivo era lograr ingresar en el balotaje. No importan los medios; el fin excusa la locura. Una lucha por el poder que justifica todo.<\/p>\n\n\n\n<p>Los datos de pobreza son sin duda los que m\u00e1s golpea. En el primer semestre de 2023 afect\u00f3 a m\u00e1s de 20 millones de argentinos. Y lo dram\u00e1tico es que este dato es \u201cviejo\u201d ya que no contempla los efectos de la devaluaci\u00f3n e inflaci\u00f3n a partir de agosto de dos d\u00edgitos que tiene un enorme impacto en los sectores m\u00e1s vulnerables de la sociedad. Las distintas proyecciones privadas se\u00f1alan que, cuando el abogado Sergio Massa, deje el ministerio de Econom\u00eda de la Naci\u00f3n, su gesti\u00f3n habr\u00eda expulsado a la pobreza a m\u00e1s de 4 millones de argentinos. N\u00famero brutal.<\/p>\n\n\n\n<p>Sin embargo, el fracasado Juan Manuel Urtubey que intent\u00f3 varias veces postularse a Presidente y en ninguna de esas oportunidades pudo lograrlo ya que lo dejaron relegado sus propios socios, sale hoy a apoyar a Sergio Massa, el ministro de Econom\u00eda que destruy\u00f3 a la Argentina y que quiere cambiar la historia prometiendo un plan econ\u00f3mico para despu\u00e9s del 10 de diciembre, como si el no fuera quien maneja hoy la cartera econ\u00f3mica.<\/p>\n\n\n\n<p>Pero lo m\u00e1s gracioso de Urtubey es que asegura que \u201cMassa deber\u00e1 pagar y est\u00e1 pagando el costo de ser ministro de este Gobierno -que es un mal Gobierno- y que claramente tiene un Presidente que no conduce y no tiene la menor idea de cu\u00e1l es su responsabilidad y todo eso termin\u00f3 generando un c\u00f3ctel explosivo que hoy nos toca vivir\u201d.<\/p>\n\n\n\n<p>Como dice Urtubey este es un mal gobierno y Massa es ministro m\u00e1s importante de esta gesti\u00f3n que termin\u00f3 generando un coctel explosivo.<\/p>\n","protected":false},"excerpt":{"rendered":"<p>El ex Gobernador Juan Urtubey volvi\u00f3 a asegurar que el \u00fanico preparado para afrontar la crisis venidera, y plantear una organizaci\u00f3n social en t\u00e9rminos de producci\u00f3n, econom\u00eda y trabajo, es Massa. Si ese es su pensamiento vale la pena marcar algunas diferencias. Hace m\u00e1s de un a\u00f1o el candidato a Presidente Massa es ministro de [&hellip;]<\/p>\n","protected":false},"author":2,"featured_media":55716,"comment_status":"open","ping_status":"open","sticky":false,"template":"","format":"standard","meta":{"tdm_status":"","tdm_grid_status":"","_joinchat":[],"footnotes":""},"categories":[59],"tags":[],"class_list":{"0":"post-67980","1":"post","2":"type-post","3":"status-publish","4":"format-standard","5":"has-post-thumbnail","7":"category-politica"},"amp_enabled":true,"_links":{"self":[{"href":"https:\/\/www.todoeldia.com\/index.php\/wp-json\/wp\/v2\/posts\/67980","targetHints":{"allow":["GET"]}}],"collection":[{"href":"https:\/\/www.todoeldia.com\/index.php\/wp-json\/wp\/v2\/posts"}],"about":[{"href":"https:\/\/www.todoeldia.com\/index.php\/wp-json\/wp\/v2\/types\/post"}],"author":[{"embeddable":true,"href":"https:\/\/www.todoeldia.com\/index.php\/wp-json\/wp\/v2\/users\/2"}],"replies":[{"embeddable":true,"href":"https:\/\/www.todoeldia.com\/index.php\/wp-json\/wp\/v2\/comments?post=67980"}],"version-history":[{"count":1,"href":"https:\/\/www.todoeldia.com\/index.php\/wp-json\/wp\/v2\/posts\/67980\/revisions"}],"predecessor-version":[{"id":67981,"href":"https:\/\/www.todoeldia.com\/index.php\/wp-json\/wp\/v2\/posts\/67980\/revisions\/67981"}],"wp:featuredmedia":[{"embeddable":true,"href":"https:\/\/www.todoeldia.com\/index.php\/wp-json\/wp\/v2\/media\/55716"}],"wp:attachment":[{"href":"https:\/\/www.todoeldia.com\/index.php\/wp-json\/wp\/v2\/media?parent=67980"}],"wp:term":[{"taxonomy":"category","embeddable":true,"href":"https:\/\/www.todoeldia.com\/index.php\/wp-json\/wp\/v2\/categories?post=67980"},{"taxonomy":"post_tag","embeddable":true,"href":"https:\/\/www.todoeldia.com\/index.php\/wp-json\/wp\/v2\/tags?post=67980"}],"curies":[{"name":"wp","href":"https:\/\/api.w.org\/{rel}","templated":true}]}}